{"id":1189,"date":"2020-01-22T11:50:13","date_gmt":"2020-01-22T14:50:13","guid":{"rendered":"http:\/\/mint.humboldt.com.br\/?p=1189"},"modified":"2020-03-23T11:46:23","modified_gmt":"2020-03-23T14:46:23","slug":"gp-de-carrinhos-de-rolima-humboldt","status":"publish","type":"post","link":"https:\/\/mint.humboldt.com.br\/de\/gp-de-carrinhos-de-rolima-humboldt\/","title":{"rendered":"Seifenkisten - GP Humboldt"},"content":{"rendered":"<p><em>Lehrer: Francisco Viana, Jo\u00e3o Dam\u00e1sio und Jos\u00e9 Dimas Fialho (9. Klasse)<\/em><\/p>\n\n\n\n<p> Das Projekt bietet Erfahrungen und Erlebnisse, die Kenntnisse in Physik und Mathematik entwickeln. Die Beteiligung der Sch\u00fcler an der Organisation, der Ver\u00f6ffentlichung, am Bau und  an der Finanzplanung, wie auch an der Entwicklung des Projekts und schlie\u00dflich an der Konstruktion der Seifenkisten, erm\u00f6glicht konstruktive und theoretische F\u00e4higkeiten, die \u00fcber den Unterricht in der Klasse und im Labor hinausgehen. <\/p>","protected":false},"excerpt":{"rendered":"<p>Prof\u00aa. Francisco Viana, Jo\u00e3o Dam\u00e1sio e Jos\u00e9 Dimas Fialho (9\u00ba Ano) O projeto visa proporcionar experi\u00eancias e viv\u00eancias que permitam ao aluno o desenvolvimento de compet\u00eancias e habilidades nas \u00e1reas de f\u00edsica e matem\u00e1tica. O envolvimento do aluno na organiza\u00e7\u00e3o, divulga\u00e7\u00e3o, constru\u00e7\u00e3o, realiza\u00e7\u00e3o de or\u00e7amentos, bem como o desenvolvimento do projeto e a execu\u00e7\u00e3o dos [&hellip;]<\/p>","protected":false},"author":1,"featured_media":2194,"comment_status":"open","ping_status":"open","sticky":false,"template":"","format":"standard","meta":{"_et_pb_use_builder":"","_et_pb_old_content":"","_et_gb_content_width":""},"categories":[17],"tags":[],"yoast_head":"<!-- This site is optimized with the Yoast SEO plugin v19.10 - https:\/\/yoast.com\/wordpress\/plugins\/seo\/ -->\n<title>GP de Carrinhos de Rolim\u00e3 Humboldt &bull; MINT \u2022 Humboldt - Die Deutsche Schule in S\u00e3o Paulo<\/title>\n<meta name=\"robots\" content=\"index, follow, max-snippet:-1, max-image-preview:large, max-video-preview:-1\" \/>\n<link rel=\"canonical\" href=\"https:\/\/mint.humboldt.com.br\/de\/gp-de-carrinhos-de-rolima-humboldt\/\" \/>\n<meta property=\"og:locale\" content=\"de_DE\" \/>\n<meta property=\"og:type\" content=\"article\" \/>\n<meta property=\"og:title\" content=\"GP de Carrinhos de Rolim\u00e3 Humboldt &bull; MINT \u2022 Humboldt - Die Deutsche Schule in S\u00e3o Paulo\" \/>\n<meta property=\"og:description\" content=\"Prof\u00aa. Francisco Viana, Jo\u00e3o Dam\u00e1sio e Jos\u00e9 Dimas Fialho (9\u00ba Ano) O projeto visa proporcionar experi\u00eancias e viv\u00eancias que permitam ao aluno o desenvolvimento de compet\u00eancias e habilidades nas \u00e1reas de f\u00edsica e matem\u00e1tica. O envolvimento do aluno na organiza\u00e7\u00e3o, divulga\u00e7\u00e3o, constru\u00e7\u00e3o, realiza\u00e7\u00e3o de or\u00e7amentos, bem como o desenvolvimento do projeto e a execu\u00e7\u00e3o dos [&hellip;]\" \/>\n<meta property=\"og:url\" content=\"https:\/\/mint.humboldt.com.br\/de\/gp-de-carrinhos-de-rolima-humboldt\/\" \/>\n<meta property=\"og:site_name\" content=\"MINT \u2022 Humboldt - Die Deutsche Schule in S\u00e3o Paulo\" \/>\n<meta property=\"article:published_time\" content=\"2020-01-22T14:50:13+00:00\" \/>\n<meta property=\"article:modified_time\" content=\"2020-03-23T14:46:23+00:00\" \/>\n<meta property=\"og:image\" content=\"https:\/\/mint.humboldt.com.br\/wp-content\/uploads\/2020\/03\/Fund-II-Projetos-GP-de-carrinhos-de-rolim\u00e3.jpg\" \/>\n\t<meta property=\"og:image:width\" content=\"300\" \/>\n\t<meta property=\"og:image:height\" content=\"300\" \/>\n\t<meta property=\"og:image:type\" content=\"image\/jpeg\" \/>\n<meta name=\"author\" content=\"Vila Criativa\" \/>\n<meta name=\"twitter:card\" content=\"summary_large_image\" \/>\n<meta name=\"twitter:label1\" content=\"Verfasst von\" \/>\n\t<meta name=\"twitter:data1\" content=\"Vila Criativa\" \/>\n<script type=\"application\/ld+json\" class=\"yoast-schema-graph\">{\"@context\":\"https:\/\/schema.org\",\"@graph\":[{\"@type\":\"Article\",\"@id\":\"https:\/\/mint.humboldt.com.br\/gp-de-carrinhos-de-rolima-humboldt\/#article\",\"isPartOf\":{\"@id\":\"https:\/\/mint.humboldt.com.br\/gp-de-carrinhos-de-rolima-humboldt\/\"},\"author\":{\"name\":\"Vila Criativa\",\"@id\":\"https:\/\/mint.humboldt.com.br\/#\/schema\/person\/f9f855ae25cb438200b4f6d49c346502\"},\"headline\":\"GP de Carrinhos de Rolim\u00e3 Humboldt\",\"datePublished\":\"2020-01-22T14:50:13+00:00\",\"dateModified\":\"2020-03-23T14:46:23+00:00\",\"mainEntityOfPage\":{\"@id\":\"https:\/\/mint.humboldt.com.br\/gp-de-carrinhos-de-rolima-humboldt\/\"},\"wordCount\":96,\"commentCount\":0,\"publisher\":{\"@id\":\"https:\/\/mint.humboldt.com.br\/#organization\"},\"articleSection\":[\"Fundamental II\"],\"inLanguage\":\"de\",\"potentialAction\":[{\"@type\":\"CommentAction\",\"name\":\"Comment\",\"target\":[\"https:\/\/mint.humboldt.com.br\/gp-de-carrinhos-de-rolima-humboldt\/#respond\"]}]},{\"@type\":\"WebPage\",\"@id\":\"https:\/\/mint.humboldt.com.br\/gp-de-carrinhos-de-rolima-humboldt\/\",\"url\":\"https:\/\/mint.humboldt.com.br\/gp-de-carrinhos-de-rolima-humboldt\/\",\"name\":\"GP de Carrinhos de Rolim\u00e3 Humboldt &bull; MINT \u2022 Humboldt - Die Deutsche Schule in S\u00e3o Paulo\",\"isPartOf\":{\"@id\":\"https:\/\/mint.humboldt.com.br\/#website\"},\"datePublished\":\"2020-01-22T14:50:13+00:00\",\"dateModified\":\"2020-03-23T14:46:23+00:00\",\"breadcrumb\":{\"@id\":\"https:\/\/mint.humboldt.com.br\/gp-de-carrinhos-de-rolima-humboldt\/#breadcrumb\"},\"inLanguage\":\"de\",\"potentialAction\":[{\"@type\":\"ReadAction\",\"target\":[\"https:\/\/mint.humboldt.com.br\/gp-de-carrinhos-de-rolima-humboldt\/\"]}]},{\"@type\":\"BreadcrumbList\",\"@id\":\"https:\/\/mint.humboldt.com.br\/gp-de-carrinhos-de-rolima-humboldt\/#breadcrumb\",\"itemListElement\":[{\"@type\":\"ListItem\",\"position\":1,\"name\":\"In\u00edcio\",\"item\":\"https:\/\/mint.humboldt.com.br\/\"},{\"@type\":\"ListItem\",\"position\":2,\"name\":\"GP de Carrinhos de Rolim\u00e3 Humboldt\"}]},{\"@type\":\"WebSite\",\"@id\":\"https:\/\/mint.humboldt.com.br\/#website\",\"url\":\"https:\/\/mint.humboldt.com.br\/\",\"name\":\"MINT \u2022 Humboldt - Die Deutsche Schule in S\u00e3o Paulo\",\"description\":\"\",\"publisher\":{\"@id\":\"https:\/\/mint.humboldt.com.br\/#organization\"},\"potentialAction\":[{\"@type\":\"SearchAction\",\"target\":{\"@type\":\"EntryPoint\",\"urlTemplate\":\"https:\/\/mint.humboldt.com.br\/?s={search_term_string}\"},\"query-input\":\"required name=search_term_string\"}],\"inLanguage\":\"de\"},{\"@type\":\"Organization\",\"@id\":\"https:\/\/mint.humboldt.com.br\/#organization\",\"name\":\"Humboldt - Die Deutsche Schule in S\u00e3o Paulo\",\"url\":\"https:\/\/mint.humboldt.com.br\/\",\"logo\":{\"@type\":\"ImageObject\",\"inLanguage\":\"de\",\"@id\":\"https:\/\/mint.humboldt.com.br\/#\/schema\/logo\/image\/\",\"url\":\"https:\/\/mint.humboldt.com.br\/wp-content\/uploads\/2019\/12\/humboldt-logo.svg\",\"contentUrl\":\"https:\/\/mint.humboldt.com.br\/wp-content\/uploads\/2019\/12\/humboldt-logo.svg\",\"caption\":\"Humboldt - Die Deutsche Schule in S\u00e3o Paulo\"},\"image\":{\"@id\":\"https:\/\/mint.humboldt.com.br\/#\/schema\/logo\/image\/\"}},{\"@type\":\"Person\",\"@id\":\"https:\/\/mint.humboldt.com.br\/#\/schema\/person\/f9f855ae25cb438200b4f6d49c346502\",\"name\":\"Vila Criativa\",\"image\":{\"@type\":\"ImageObject\",\"inLanguage\":\"de\",\"@id\":\"https:\/\/mint.humboldt.com.br\/#\/schema\/person\/image\/\",\"url\":\"https:\/\/secure.gravatar.com\/avatar\/b5110a6fdaa2baa543d00778ef669067?s=96&d=mm&r=g\",\"contentUrl\":\"https:\/\/secure.gravatar.com\/avatar\/b5110a6fdaa2baa543d00778ef669067?s=96&d=mm&r=g\",\"caption\":\"Vila Criativa\"},\"url\":\"https:\/\/mint.humboldt.com.br\/de\/author\/mint\/\"}]}<\/script>\n<!-- \/ Yoast SEO plugin. -->","yoast_head_json":{"title":"GP de Carrinhos de Rolim\u00e3 Humboldt &bull; MINT \u2022 Humboldt - Die Deutsche Schule in S\u00e3o Paulo","robots":{"index":"index","follow":"follow","max-snippet":"max-snippet:-1","max-image-preview":"max-image-preview:large","max-video-preview":"max-video-preview:-1"},"canonical":"https:\/\/mint.humboldt.com.br\/de\/gp-de-carrinhos-de-rolima-humboldt\/","og_locale":"de_DE","og_type":"article","og_title":"GP de Carrinhos de Rolim\u00e3 Humboldt &bull; MINT \u2022 Humboldt - Die Deutsche Schule in S\u00e3o Paulo","og_description":"Prof\u00aa. Francisco Viana, Jo\u00e3o Dam\u00e1sio e Jos\u00e9 Dimas Fialho (9\u00ba Ano) O projeto visa proporcionar experi\u00eancias e viv\u00eancias que permitam ao aluno o desenvolvimento de compet\u00eancias e habilidades nas \u00e1reas de f\u00edsica e matem\u00e1tica. O envolvimento do aluno na organiza\u00e7\u00e3o, divulga\u00e7\u00e3o, constru\u00e7\u00e3o, realiza\u00e7\u00e3o de or\u00e7amentos, bem como o desenvolvimento do projeto e a execu\u00e7\u00e3o dos [&hellip;]","og_url":"https:\/\/mint.humboldt.com.br\/de\/gp-de-carrinhos-de-rolima-humboldt\/","og_site_name":"MINT \u2022 Humboldt - Die Deutsche Schule in S\u00e3o Paulo","article_published_time":"2020-01-22T14:50:13+00:00","article_modified_time":"2020-03-23T14:46:23+00:00","og_image":[{"width":300,"height":300,"url":"https:\/\/mint.humboldt.com.br\/wp-content\/uploads\/2020\/03\/Fund-II-Projetos-GP-de-carrinhos-de-rolim\u00e3.jpg","type":"image\/jpeg"}],"author":"Vila Criativa","twitter_card":"summary_large_image","twitter_misc":{"Verfasst von":"Vila Criativa"},"schema":{"@context":"https:\/\/schema.org","@graph":[{"@type":"Article","@id":"https:\/\/mint.humboldt.com.br\/gp-de-carrinhos-de-rolima-humboldt\/#article","isPartOf":{"@id":"https:\/\/mint.humboldt.com.br\/gp-de-carrinhos-de-rolima-humboldt\/"},"author":{"name":"Vila Criativa","@id":"https:\/\/mint.humboldt.com.br\/#\/schema\/person\/f9f855ae25cb438200b4f6d49c346502"},"headline":"GP de Carrinhos de Rolim\u00e3 Humboldt","datePublished":"2020-01-22T14:50:13+00:00","dateModified":"2020-03-23T14:46:23+00:00","mainEntityOfPage":{"@id":"https:\/\/mint.humboldt.com.br\/gp-de-carrinhos-de-rolima-humboldt\/"},"wordCount":96,"commentCount":0,"publisher":{"@id":"https:\/\/mint.humboldt.com.br\/#organization"},"articleSection":["Fundamental II"],"inLanguage":"de","potentialAction":[{"@type":"CommentAction","name":"Comment","target":["https:\/\/mint.humboldt.com.br\/gp-de-carrinhos-de-rolima-humboldt\/#respond"]}]},{"@type":"WebPage","@id":"https:\/\/mint.humboldt.com.br\/gp-de-carrinhos-de-rolima-humboldt\/","url":"https:\/\/mint.humboldt.com.br\/gp-de-carrinhos-de-rolima-humboldt\/","name":"GP de Carrinhos de Rolim\u00e3 Humboldt &bull; MINT \u2022 Humboldt - Die Deutsche Schule in S\u00e3o Paulo","isPartOf":{"@id":"https:\/\/mint.humboldt.com.br\/#website"},"datePublished":"2020-01-22T14:50:13+00:00","dateModified":"2020-03-23T14:46:23+00:00","breadcrumb":{"@id":"https:\/\/mint.humboldt.com.br\/gp-de-carrinhos-de-rolima-humboldt\/#breadcrumb"},"inLanguage":"de","potentialAction":[{"@type":"ReadAction","target":["https:\/\/mint.humboldt.com.br\/gp-de-carrinhos-de-rolima-humboldt\/"]}]},{"@type":"BreadcrumbList","@id":"https:\/\/mint.humboldt.com.br\/gp-de-carrinhos-de-rolima-humboldt\/#breadcrumb","itemListElement":[{"@type":"ListItem","position":1,"name":"In\u00edcio","item":"https:\/\/mint.humboldt.com.br\/"},{"@type":"ListItem","position":2,"name":"GP de Carrinhos de Rolim\u00e3 Humboldt"}]},{"@type":"WebSite","@id":"https:\/\/mint.humboldt.com.br\/#website","url":"https:\/\/mint.humboldt.com.br\/","name":"MINT \u2022 Humboldt - Die Deutsche Schule in S\u00e3o Paulo","description":"","publisher":{"@id":"https:\/\/mint.humboldt.com.br\/#organization"},"potentialAction":[{"@type":"SearchAction","target":{"@type":"EntryPoint","urlTemplate":"https:\/\/mint.humboldt.com.br\/?s={search_term_string}"},"query-input":"required name=search_term_string"}],"inLanguage":"de"},{"@type":"Organization","@id":"https:\/\/mint.humboldt.com.br\/#organization","name":"Humboldt - Die Deutsche Schule in S\u00e3o Paulo","url":"https:\/\/mint.humboldt.com.br\/","logo":{"@type":"ImageObject","inLanguage":"de","@id":"https:\/\/mint.humboldt.com.br\/#\/schema\/logo\/image\/","url":"https:\/\/mint.humboldt.com.br\/wp-content\/uploads\/2019\/12\/humboldt-logo.svg","contentUrl":"https:\/\/mint.humboldt.com.br\/wp-content\/uploads\/2019\/12\/humboldt-logo.svg","caption":"Humboldt - Die Deutsche Schule in S\u00e3o Paulo"},"image":{"@id":"https:\/\/mint.humboldt.com.br\/#\/schema\/logo\/image\/"}},{"@type":"Person","@id":"https:\/\/mint.humboldt.com.br\/#\/schema\/person\/f9f855ae25cb438200b4f6d49c346502","name":"Vila Criativa","image":{"@type":"ImageObject","inLanguage":"de","@id":"https:\/\/mint.humboldt.com.br\/#\/schema\/person\/image\/","url":"https:\/\/secure.gravatar.com\/avatar\/b5110a6fdaa2baa543d00778ef669067?s=96&d=mm&r=g","contentUrl":"https:\/\/secure.gravatar.com\/avatar\/b5110a6fdaa2baa543d00778ef669067?s=96&d=mm&r=g","caption":"Vila Criativa"},"url":"https:\/\/mint.humboldt.com.br\/de\/author\/mint\/"}]}},"_links":{"self":[{"href":"https:\/\/mint.humboldt.com.br\/de\/wp-json\/wp\/v2\/posts\/1189"}],"collection":[{"href":"https:\/\/mint.humboldt.com.br\/de\/wp-json\/wp\/v2\/posts"}],"about":[{"href":"https:\/\/mint.humboldt.com.br\/de\/wp-json\/wp\/v2\/types\/post"}],"author":[{"embeddable":true,"href":"https:\/\/mint.humboldt.com.br\/de\/wp-json\/wp\/v2\/users\/1"}],"replies":[{"embeddable":true,"href":"https:\/\/mint.humboldt.com.br\/de\/wp-json\/wp\/v2\/comments?post=1189"}],"version-history":[{"count":2,"href":"https:\/\/mint.humboldt.com.br\/de\/wp-json\/wp\/v2\/posts\/1189\/revisions"}],"predecessor-version":[{"id":1959,"href":"https:\/\/mint.humboldt.com.br\/de\/wp-json\/wp\/v2\/posts\/1189\/revisions\/1959"}],"wp:featuredmedia":[{"embeddable":true,"href":"https:\/\/mint.humboldt.com.br\/de\/wp-json\/wp\/v2\/media\/2194"}],"wp:attachment":[{"href":"https:\/\/mint.humboldt.com.br\/de\/wp-json\/wp\/v2\/media?parent=1189"}],"wp:term":[{"taxonomy":"category","embeddable":true,"href":"https:\/\/mint.humboldt.com.br\/de\/wp-json\/wp\/v2\/categories?post=1189"},{"taxonomy":"post_tag","embeddable":true,"href":"https:\/\/mint.humboldt.com.br\/de\/wp-json\/wp\/v2\/tags?post=1189"}],"curies":[{"name":"wp","href":"https:\/\/api.w.org\/{rel}","templated":true}]}}