{"id":1193,"date":"2020-01-22T11:51:58","date_gmt":"2020-01-22T14:51:58","guid":{"rendered":"http:\/\/mint.humboldt.com.br\/?p=1193"},"modified":"2020-02-17T16:45:57","modified_gmt":"2020-02-17T19:45:57","slug":"iniciacao-cientifica-humboldt","status":"publish","type":"post","link":"https:\/\/mint.humboldt.com.br\/de\/iniciacao-cientifica-humboldt\/","title":{"rendered":"Wissenschaftliches Projekt Humboldt"},"content":{"rendered":"<p> Das wissenschaftliche Projekt f\u00f6rdert  Bereitschaft der Sch\u00fclerinnen und Sch\u00fcler,  Herausforderungen zu suchen, selbst zu erfinden, zu entdecken und das erworbene Wissen zu vermehren. Dies ist eine p\u00e4dagogische und kulturelle Aktivit\u00e4t, die mithilfe der Unterst\u00fctzung durch Lehrer*innen und die Koordination alle Sch\u00fclerinnen und Sch\u00fcler dazu anregt, die wissenschaftlichen und kulturellen Arbeiten vorzustellen, die w\u00e4hrend Alexander- von- Humboldt-Woche entstanden sind. <\/p>","protected":false},"excerpt":{"rendered":"<p>O projeto de inicia\u00e7\u00e3o cient\u00edfica do Col\u00e9gio Humboldt tem como objetivo estimular no aluno o gosto por desafios, instigando o desejo de procurar, inventar, descobrir e socializar o conhecimento constru\u00eddo. \u00c9 uma atividade pedag\u00f3gica e cultural, que envolve os alunos com o apoio dos professores e da equipe pedag\u00f3gica, a fim de expor trabalhos cient\u00edficos [&hellip;]<\/p>","protected":false},"author":1,"featured_media":2059,"comment_status":"open","ping_status":"open","sticky":false,"template":"","format":"standard","meta":{"_et_pb_use_builder":"","_et_pb_old_content":"","_et_gb_content_width":""},"categories":[17],"tags":[],"yoast_head":"<!-- This site is optimized with the Yoast SEO plugin v19.10 - https:\/\/yoast.com\/wordpress\/plugins\/seo\/ -->\n<title>Inicia\u00e7\u00e3o Cient\u00edfica Humboldt &bull; MINT \u2022 Humboldt - Die Deutsche Schule in S\u00e3o Paulo<\/title>\n<meta name=\"robots\" content=\"index, follow, max-snippet:-1, max-image-preview:large, max-video-preview:-1\" \/>\n<link rel=\"canonical\" href=\"https:\/\/mint.humboldt.com.br\/de\/iniciacao-cientifica-humboldt\/\" \/>\n<meta property=\"og:locale\" content=\"de_DE\" \/>\n<meta property=\"og:type\" content=\"article\" \/>\n<meta property=\"og:title\" content=\"Inicia\u00e7\u00e3o Cient\u00edfica Humboldt &bull; MINT \u2022 Humboldt - Die Deutsche Schule in S\u00e3o Paulo\" \/>\n<meta property=\"og:description\" content=\"O projeto de inicia\u00e7\u00e3o cient\u00edfica do Col\u00e9gio Humboldt tem como objetivo estimular no aluno o gosto por desafios, instigando o desejo de procurar, inventar, descobrir e socializar o conhecimento constru\u00eddo. \u00c9 uma atividade pedag\u00f3gica e cultural, que envolve os alunos com o apoio dos professores e da equipe pedag\u00f3gica, a fim de expor trabalhos cient\u00edficos [&hellip;]\" \/>\n<meta property=\"og:url\" content=\"https:\/\/mint.humboldt.com.br\/de\/iniciacao-cientifica-humboldt\/\" \/>\n<meta property=\"og:site_name\" content=\"MINT \u2022 Humboldt - Die Deutsche Schule in S\u00e3o Paulo\" \/>\n<meta property=\"article:published_time\" content=\"2020-01-22T14:51:58+00:00\" \/>\n<meta property=\"article:modified_time\" content=\"2020-02-17T19:45:57+00:00\" \/>\n<meta property=\"og:image\" content=\"https:\/\/mint.humboldt.com.br\/wp-content\/uploads\/2020\/01\/fundamental-II-projetos-iniciacao-cientifica-humboldt-1.jpg\" \/>\n\t<meta property=\"og:image:width\" content=\"300\" \/>\n\t<meta property=\"og:image:height\" content=\"300\" \/>\n\t<meta property=\"og:image:type\" content=\"image\/jpeg\" \/>\n<meta name=\"author\" content=\"Vila Criativa\" \/>\n<meta name=\"twitter:card\" content=\"summary_large_image\" \/>\n<meta name=\"twitter:label1\" content=\"Verfasst von\" \/>\n\t<meta name=\"twitter:data1\" content=\"Vila Criativa\" \/>\n<script type=\"application\/ld+json\" class=\"yoast-schema-graph\">{\"@context\":\"https:\/\/schema.org\",\"@graph\":[{\"@type\":\"Article\",\"@id\":\"https:\/\/mint.humboldt.com.br\/de\/iniciacao-cientifica-humboldt\/#article\",\"isPartOf\":{\"@id\":\"https:\/\/mint.humboldt.com.br\/de\/iniciacao-cientifica-humboldt\/\"},\"author\":{\"name\":\"Vila Criativa\",\"@id\":\"https:\/\/mint.humboldt.com.br\/#\/schema\/person\/f9f855ae25cb438200b4f6d49c346502\"},\"headline\":\"Inicia\u00e7\u00e3o Cient\u00edfica Humboldt\",\"datePublished\":\"2020-01-22T14:51:58+00:00\",\"dateModified\":\"2020-02-17T19:45:57+00:00\",\"mainEntityOfPage\":{\"@id\":\"https:\/\/mint.humboldt.com.br\/de\/iniciacao-cientifica-humboldt\/\"},\"wordCount\":78,\"commentCount\":0,\"publisher\":{\"@id\":\"https:\/\/mint.humboldt.com.br\/#organization\"},\"articleSection\":[\"Fundamental II\"],\"inLanguage\":\"de\",\"potentialAction\":[{\"@type\":\"CommentAction\",\"name\":\"Comment\",\"target\":[\"https:\/\/mint.humboldt.com.br\/de\/iniciacao-cientifica-humboldt\/#respond\"]}]},{\"@type\":\"WebPage\",\"@id\":\"https:\/\/mint.humboldt.com.br\/de\/iniciacao-cientifica-humboldt\/\",\"url\":\"https:\/\/mint.humboldt.com.br\/de\/iniciacao-cientifica-humboldt\/\",\"name\":\"Inicia\u00e7\u00e3o Cient\u00edfica Humboldt &bull; MINT \u2022 Humboldt - Die Deutsche Schule in S\u00e3o Paulo\",\"isPartOf\":{\"@id\":\"https:\/\/mint.humboldt.com.br\/#website\"},\"datePublished\":\"2020-01-22T14:51:58+00:00\",\"dateModified\":\"2020-02-17T19:45:57+00:00\",\"breadcrumb\":{\"@id\":\"https:\/\/mint.humboldt.com.br\/de\/iniciacao-cientifica-humboldt\/#breadcrumb\"},\"inLanguage\":\"de\",\"potentialAction\":[{\"@type\":\"ReadAction\",\"target\":[\"https:\/\/mint.humboldt.com.br\/de\/iniciacao-cientifica-humboldt\/\"]}]},{\"@type\":\"BreadcrumbList\",\"@id\":\"https:\/\/mint.humboldt.com.br\/de\/iniciacao-cientifica-humboldt\/#breadcrumb\",\"itemListElement\":[{\"@type\":\"ListItem\",\"position\":1,\"name\":\"In\u00edcio\",\"item\":\"https:\/\/mint.humboldt.com.br\/\"},{\"@type\":\"ListItem\",\"position\":2,\"name\":\"Inicia\u00e7\u00e3o Cient\u00edfica Humboldt\"}]},{\"@type\":\"WebSite\",\"@id\":\"https:\/\/mint.humboldt.com.br\/#website\",\"url\":\"https:\/\/mint.humboldt.com.br\/\",\"name\":\"MINT \u2022 Humboldt - Die Deutsche Schule in S\u00e3o Paulo\",\"description\":\"\",\"publisher\":{\"@id\":\"https:\/\/mint.humboldt.com.br\/#organization\"},\"potentialAction\":[{\"@type\":\"SearchAction\",\"target\":{\"@type\":\"EntryPoint\",\"urlTemplate\":\"https:\/\/mint.humboldt.com.br\/?s={search_term_string}\"},\"query-input\":\"required name=search_term_string\"}],\"inLanguage\":\"de\"},{\"@type\":\"Organization\",\"@id\":\"https:\/\/mint.humboldt.com.br\/#organization\",\"name\":\"Humboldt - Die Deutsche Schule in S\u00e3o Paulo\",\"url\":\"https:\/\/mint.humboldt.com.br\/\",\"logo\":{\"@type\":\"ImageObject\",\"inLanguage\":\"de\",\"@id\":\"https:\/\/mint.humboldt.com.br\/#\/schema\/logo\/image\/\",\"url\":\"https:\/\/mint.humboldt.com.br\/wp-content\/uploads\/2019\/12\/humboldt-logo.svg\",\"contentUrl\":\"https:\/\/mint.humboldt.com.br\/wp-content\/uploads\/2019\/12\/humboldt-logo.svg\",\"caption\":\"Humboldt - Die Deutsche Schule in S\u00e3o Paulo\"},\"image\":{\"@id\":\"https:\/\/mint.humboldt.com.br\/#\/schema\/logo\/image\/\"}},{\"@type\":\"Person\",\"@id\":\"https:\/\/mint.humboldt.com.br\/#\/schema\/person\/f9f855ae25cb438200b4f6d49c346502\",\"name\":\"Vila Criativa\",\"image\":{\"@type\":\"ImageObject\",\"inLanguage\":\"de\",\"@id\":\"https:\/\/mint.humboldt.com.br\/#\/schema\/person\/image\/\",\"url\":\"https:\/\/secure.gravatar.com\/avatar\/b5110a6fdaa2baa543d00778ef669067?s=96&d=mm&r=g\",\"contentUrl\":\"https:\/\/secure.gravatar.com\/avatar\/b5110a6fdaa2baa543d00778ef669067?s=96&d=mm&r=g\",\"caption\":\"Vila Criativa\"},\"url\":\"https:\/\/mint.humboldt.com.br\/de\/author\/mint\/\"}]}<\/script>\n<!-- \/ Yoast SEO plugin. -->","yoast_head_json":{"title":"Inicia\u00e7\u00e3o Cient\u00edfica Humboldt &bull; MINT \u2022 Humboldt - Die Deutsche Schule in S\u00e3o Paulo","robots":{"index":"index","follow":"follow","max-snippet":"max-snippet:-1","max-image-preview":"max-image-preview:large","max-video-preview":"max-video-preview:-1"},"canonical":"https:\/\/mint.humboldt.com.br\/de\/iniciacao-cientifica-humboldt\/","og_locale":"de_DE","og_type":"article","og_title":"Inicia\u00e7\u00e3o Cient\u00edfica Humboldt &bull; MINT \u2022 Humboldt - Die Deutsche Schule in S\u00e3o Paulo","og_description":"O projeto de inicia\u00e7\u00e3o cient\u00edfica do Col\u00e9gio Humboldt tem como objetivo estimular no aluno o gosto por desafios, instigando o desejo de procurar, inventar, descobrir e socializar o conhecimento constru\u00eddo. \u00c9 uma atividade pedag\u00f3gica e cultural, que envolve os alunos com o apoio dos professores e da equipe pedag\u00f3gica, a fim de expor trabalhos cient\u00edficos [&hellip;]","og_url":"https:\/\/mint.humboldt.com.br\/de\/iniciacao-cientifica-humboldt\/","og_site_name":"MINT \u2022 Humboldt - Die Deutsche Schule in S\u00e3o Paulo","article_published_time":"2020-01-22T14:51:58+00:00","article_modified_time":"2020-02-17T19:45:57+00:00","og_image":[{"width":300,"height":300,"url":"https:\/\/mint.humboldt.com.br\/wp-content\/uploads\/2020\/01\/fundamental-II-projetos-iniciacao-cientifica-humboldt-1.jpg","type":"image\/jpeg"}],"author":"Vila Criativa","twitter_card":"summary_large_image","twitter_misc":{"Verfasst von":"Vila Criativa"},"schema":{"@context":"https:\/\/schema.org","@graph":[{"@type":"Article","@id":"https:\/\/mint.humboldt.com.br\/de\/iniciacao-cientifica-humboldt\/#article","isPartOf":{"@id":"https:\/\/mint.humboldt.com.br\/de\/iniciacao-cientifica-humboldt\/"},"author":{"name":"Vila Criativa","@id":"https:\/\/mint.humboldt.com.br\/#\/schema\/person\/f9f855ae25cb438200b4f6d49c346502"},"headline":"Inicia\u00e7\u00e3o Cient\u00edfica Humboldt","datePublished":"2020-01-22T14:51:58+00:00","dateModified":"2020-02-17T19:45:57+00:00","mainEntityOfPage":{"@id":"https:\/\/mint.humboldt.com.br\/de\/iniciacao-cientifica-humboldt\/"},"wordCount":78,"commentCount":0,"publisher":{"@id":"https:\/\/mint.humboldt.com.br\/#organization"},"articleSection":["Fundamental II"],"inLanguage":"de","potentialAction":[{"@type":"CommentAction","name":"Comment","target":["https:\/\/mint.humboldt.com.br\/de\/iniciacao-cientifica-humboldt\/#respond"]}]},{"@type":"WebPage","@id":"https:\/\/mint.humboldt.com.br\/de\/iniciacao-cientifica-humboldt\/","url":"https:\/\/mint.humboldt.com.br\/de\/iniciacao-cientifica-humboldt\/","name":"Inicia\u00e7\u00e3o Cient\u00edfica Humboldt &bull; MINT \u2022 Humboldt - Die Deutsche Schule in S\u00e3o Paulo","isPartOf":{"@id":"https:\/\/mint.humboldt.com.br\/#website"},"datePublished":"2020-01-22T14:51:58+00:00","dateModified":"2020-02-17T19:45:57+00:00","breadcrumb":{"@id":"https:\/\/mint.humboldt.com.br\/de\/iniciacao-cientifica-humboldt\/#breadcrumb"},"inLanguage":"de","potentialAction":[{"@type":"ReadAction","target":["https:\/\/mint.humboldt.com.br\/de\/iniciacao-cientifica-humboldt\/"]}]},{"@type":"BreadcrumbList","@id":"https:\/\/mint.humboldt.com.br\/de\/iniciacao-cientifica-humboldt\/#breadcrumb","itemListElement":[{"@type":"ListItem","position":1,"name":"In\u00edcio","item":"https:\/\/mint.humboldt.com.br\/"},{"@type":"ListItem","position":2,"name":"Inicia\u00e7\u00e3o Cient\u00edfica Humboldt"}]},{"@type":"WebSite","@id":"https:\/\/mint.humboldt.com.br\/#website","url":"https:\/\/mint.humboldt.com.br\/","name":"MINT \u2022 Humboldt - Die Deutsche Schule in S\u00e3o Paulo","description":"","publisher":{"@id":"https:\/\/mint.humboldt.com.br\/#organization"},"potentialAction":[{"@type":"SearchAction","target":{"@type":"EntryPoint","urlTemplate":"https:\/\/mint.humboldt.com.br\/?s={search_term_string}"},"query-input":"required name=search_term_string"}],"inLanguage":"de"},{"@type":"Organization","@id":"https:\/\/mint.humboldt.com.br\/#organization","name":"Humboldt - Die Deutsche Schule in S\u00e3o Paulo","url":"https:\/\/mint.humboldt.com.br\/","logo":{"@type":"ImageObject","inLanguage":"de","@id":"https:\/\/mint.humboldt.com.br\/#\/schema\/logo\/image\/","url":"https:\/\/mint.humboldt.com.br\/wp-content\/uploads\/2019\/12\/humboldt-logo.svg","contentUrl":"https:\/\/mint.humboldt.com.br\/wp-content\/uploads\/2019\/12\/humboldt-logo.svg","caption":"Humboldt - Die Deutsche Schule in S\u00e3o Paulo"},"image":{"@id":"https:\/\/mint.humboldt.com.br\/#\/schema\/logo\/image\/"}},{"@type":"Person","@id":"https:\/\/mint.humboldt.com.br\/#\/schema\/person\/f9f855ae25cb438200b4f6d49c346502","name":"Vila Criativa","image":{"@type":"ImageObject","inLanguage":"de","@id":"https:\/\/mint.humboldt.com.br\/#\/schema\/person\/image\/","url":"https:\/\/secure.gravatar.com\/avatar\/b5110a6fdaa2baa543d00778ef669067?s=96&d=mm&r=g","contentUrl":"https:\/\/secure.gravatar.com\/avatar\/b5110a6fdaa2baa543d00778ef669067?s=96&d=mm&r=g","caption":"Vila Criativa"},"url":"https:\/\/mint.humboldt.com.br\/de\/author\/mint\/"}]}},"_links":{"self":[{"href":"https:\/\/mint.humboldt.com.br\/de\/wp-json\/wp\/v2\/posts\/1193"}],"collection":[{"href":"https:\/\/mint.humboldt.com.br\/de\/wp-json\/wp\/v2\/posts"}],"about":[{"href":"https:\/\/mint.humboldt.com.br\/de\/wp-json\/wp\/v2\/types\/post"}],"author":[{"embeddable":true,"href":"https:\/\/mint.humboldt.com.br\/de\/wp-json\/wp\/v2\/users\/1"}],"replies":[{"embeddable":true,"href":"https:\/\/mint.humboldt.com.br\/de\/wp-json\/wp\/v2\/comments?post=1193"}],"version-history":[{"count":1,"href":"https:\/\/mint.humboldt.com.br\/de\/wp-json\/wp\/v2\/posts\/1193\/revisions"}],"predecessor-version":[{"id":1194,"href":"https:\/\/mint.humboldt.com.br\/de\/wp-json\/wp\/v2\/posts\/1193\/revisions\/1194"}],"wp:featuredmedia":[{"embeddable":true,"href":"https:\/\/mint.humboldt.com.br\/de\/wp-json\/wp\/v2\/media\/2059"}],"wp:attachment":[{"href":"https:\/\/mint.humboldt.com.br\/de\/wp-json\/wp\/v2\/media?parent=1193"}],"wp:term":[{"taxonomy":"category","embeddable":true,"href":"https:\/\/mint.humboldt.com.br\/de\/wp-json\/wp\/v2\/categories?post=1193"},{"taxonomy":"post_tag","embeddable":true,"href":"https:\/\/mint.humboldt.com.br\/de\/wp-json\/wp\/v2\/tags?post=1193"}],"curies":[{"name":"wp","href":"https:\/\/api.w.org\/{rel}","templated":true}]}}