{"id":1195,"date":"2020-01-22T11:59:16","date_gmt":"2020-01-22T14:59:16","guid":{"rendered":"http:\/\/mint.humboldt.com.br\/?p=1195"},"modified":"2022-09-13T12:02:46","modified_gmt":"2022-09-13T15:02:46","slug":"lancamento-de-foguetes","status":"publish","type":"post","link":"https:\/\/mint.humboldt.com.br\/de\/lancamento-de-foguetes\/","title":{"rendered":"Raketenstart"},"content":{"rendered":"<p><em>Prof\u00aa. Jos\u00e9 Dimas e Jo\u00e3o Dam\u00e1sio (10\u00ba Ano)<\/em><\/p>\n\n\n\n<p>Hier wird aus Einwegflaschen(PET) eine Rakete gebaut,  die mit einem Antriebssystem aus Wasser und Druckluft angetrieben wird. Dadurch begreifen die Sch\u00fclerinnen und Sch\u00fcler die physikalischen Erscheinungen und wie sie sich durch die \u00dcberpr\u00fcfung und Diskussion der beobachteten Ergebnisse \u00fcber mathematische Funktionen erfassen lassen. <\/p>","protected":false},"excerpt":{"rendered":"<p>Prof\u00aa. Jos\u00e9 Dimas e Jo\u00e3o Dam\u00e1sio (10\u00ba Ano) Neste projeto, \u00e9 realizada a constru\u00e7\u00e3o de um foguete utilizando-se garrafas descart\u00e1veis de refrigerante (PET) e um sistema de propuls\u00e3o que funciona com \u00e1gua e ar comprimido. A inten\u00e7\u00e3o \u00e9 proporcionar ao aluno a compreens\u00e3o dos fen\u00f4menos f\u00edsicos e sua representa\u00e7\u00e3o atrav\u00e9s de fun\u00e7\u00f5es matem\u00e1ticas, an\u00e1lise e [&hellip;]<\/p>","protected":false},"author":1,"featured_media":2349,"comment_status":"open","ping_status":"open","sticky":false,"template":"","format":"standard","meta":{"_et_pb_use_builder":"","_et_pb_old_content":"","_et_gb_content_width":""},"categories":[18],"tags":[],"yoast_head":"<!-- This site is optimized with the Yoast SEO plugin v19.10 - https:\/\/yoast.com\/wordpress\/plugins\/seo\/ -->\n<title>Lan\u00e7amento de foguetes &bull; MINT \u2022 Humboldt - Die Deutsche Schule in S\u00e3o Paulo<\/title>\n<meta name=\"robots\" content=\"index, follow, max-snippet:-1, max-image-preview:large, max-video-preview:-1\" \/>\n<link rel=\"canonical\" href=\"https:\/\/mint.humboldt.com.br\/de\/lancamento-de-foguetes\/\" \/>\n<meta property=\"og:locale\" content=\"de_DE\" \/>\n<meta property=\"og:type\" content=\"article\" \/>\n<meta property=\"og:title\" content=\"Lan\u00e7amento de foguetes &bull; MINT \u2022 Humboldt - Die Deutsche Schule in S\u00e3o Paulo\" \/>\n<meta property=\"og:description\" content=\"Prof\u00aa. Jos\u00e9 Dimas e Jo\u00e3o Dam\u00e1sio (10\u00ba Ano) Neste projeto, \u00e9 realizada a constru\u00e7\u00e3o de um foguete utilizando-se garrafas descart\u00e1veis de refrigerante (PET) e um sistema de propuls\u00e3o que funciona com \u00e1gua e ar comprimido. A inten\u00e7\u00e3o \u00e9 proporcionar ao aluno a compreens\u00e3o dos fen\u00f4menos f\u00edsicos e sua representa\u00e7\u00e3o atrav\u00e9s de fun\u00e7\u00f5es matem\u00e1ticas, an\u00e1lise e [&hellip;]\" \/>\n<meta property=\"og:url\" content=\"https:\/\/mint.humboldt.com.br\/de\/lancamento-de-foguetes\/\" \/>\n<meta property=\"og:site_name\" content=\"MINT \u2022 Humboldt - Die Deutsche Schule in S\u00e3o Paulo\" \/>\n<meta property=\"article:published_time\" content=\"2020-01-22T14:59:16+00:00\" \/>\n<meta property=\"article:modified_time\" content=\"2022-09-13T15:02:46+00:00\" \/>\n<meta property=\"og:image\" content=\"https:\/\/mint.humboldt.com.br\/wp-content\/uploads\/2020\/01\/ensino-medio-projetos-lancamento-de-foguetes-2.jpg\" \/>\n\t<meta property=\"og:image:width\" content=\"300\" \/>\n\t<meta property=\"og:image:height\" content=\"300\" \/>\n\t<meta property=\"og:image:type\" content=\"image\/jpeg\" \/>\n<meta name=\"author\" content=\"Vila Criativa\" \/>\n<meta name=\"twitter:card\" content=\"summary_large_image\" \/>\n<meta name=\"twitter:label1\" content=\"Verfasst von\" \/>\n\t<meta name=\"twitter:data1\" content=\"Vila Criativa\" \/>\n<script type=\"application\/ld+json\" class=\"yoast-schema-graph\">{\"@context\":\"https:\/\/schema.org\",\"@graph\":[{\"@type\":\"Article\",\"@id\":\"https:\/\/mint.humboldt.com.br\/lancamento-de-foguetes\/#article\",\"isPartOf\":{\"@id\":\"https:\/\/mint.humboldt.com.br\/lancamento-de-foguetes\/\"},\"author\":{\"name\":\"Vila Criativa\",\"@id\":\"https:\/\/mint.humboldt.com.br\/#\/schema\/person\/f9f855ae25cb438200b4f6d49c346502\"},\"headline\":\"Lan\u00e7amento de foguetes\",\"datePublished\":\"2020-01-22T14:59:16+00:00\",\"dateModified\":\"2022-09-13T15:02:46+00:00\",\"mainEntityOfPage\":{\"@id\":\"https:\/\/mint.humboldt.com.br\/lancamento-de-foguetes\/\"},\"wordCount\":81,\"commentCount\":0,\"publisher\":{\"@id\":\"https:\/\/mint.humboldt.com.br\/#organization\"},\"articleSection\":[\"9\u00ba ano e Ensino M\u00e9dio\"],\"inLanguage\":\"de\",\"potentialAction\":[{\"@type\":\"CommentAction\",\"name\":\"Comment\",\"target\":[\"https:\/\/mint.humboldt.com.br\/lancamento-de-foguetes\/#respond\"]}]},{\"@type\":\"WebPage\",\"@id\":\"https:\/\/mint.humboldt.com.br\/lancamento-de-foguetes\/\",\"url\":\"https:\/\/mint.humboldt.com.br\/lancamento-de-foguetes\/\",\"name\":\"Lan\u00e7amento de foguetes &bull; MINT \u2022 Humboldt - Die Deutsche Schule in S\u00e3o Paulo\",\"isPartOf\":{\"@id\":\"https:\/\/mint.humboldt.com.br\/#website\"},\"datePublished\":\"2020-01-22T14:59:16+00:00\",\"dateModified\":\"2022-09-13T15:02:46+00:00\",\"breadcrumb\":{\"@id\":\"https:\/\/mint.humboldt.com.br\/lancamento-de-foguetes\/#breadcrumb\"},\"inLanguage\":\"de\",\"potentialAction\":[{\"@type\":\"ReadAction\",\"target\":[\"https:\/\/mint.humboldt.com.br\/lancamento-de-foguetes\/\"]}]},{\"@type\":\"BreadcrumbList\",\"@id\":\"https:\/\/mint.humboldt.com.br\/lancamento-de-foguetes\/#breadcrumb\",\"itemListElement\":[{\"@type\":\"ListItem\",\"position\":1,\"name\":\"In\u00edcio\",\"item\":\"https:\/\/mint.humboldt.com.br\/\"},{\"@type\":\"ListItem\",\"position\":2,\"name\":\"Lan\u00e7amento de foguetes\"}]},{\"@type\":\"WebSite\",\"@id\":\"https:\/\/mint.humboldt.com.br\/#website\",\"url\":\"https:\/\/mint.humboldt.com.br\/\",\"name\":\"MINT \u2022 Humboldt - Die Deutsche Schule in S\u00e3o Paulo\",\"description\":\"\",\"publisher\":{\"@id\":\"https:\/\/mint.humboldt.com.br\/#organization\"},\"potentialAction\":[{\"@type\":\"SearchAction\",\"target\":{\"@type\":\"EntryPoint\",\"urlTemplate\":\"https:\/\/mint.humboldt.com.br\/?s={search_term_string}\"},\"query-input\":\"required name=search_term_string\"}],\"inLanguage\":\"de\"},{\"@type\":\"Organization\",\"@id\":\"https:\/\/mint.humboldt.com.br\/#organization\",\"name\":\"Humboldt - Die Deutsche Schule in S\u00e3o Paulo\",\"url\":\"https:\/\/mint.humboldt.com.br\/\",\"logo\":{\"@type\":\"ImageObject\",\"inLanguage\":\"de\",\"@id\":\"https:\/\/mint.humboldt.com.br\/#\/schema\/logo\/image\/\",\"url\":\"https:\/\/mint.humboldt.com.br\/wp-content\/uploads\/2019\/12\/humboldt-logo.svg\",\"contentUrl\":\"https:\/\/mint.humboldt.com.br\/wp-content\/uploads\/2019\/12\/humboldt-logo.svg\",\"caption\":\"Humboldt - Die Deutsche Schule in S\u00e3o Paulo\"},\"image\":{\"@id\":\"https:\/\/mint.humboldt.com.br\/#\/schema\/logo\/image\/\"}},{\"@type\":\"Person\",\"@id\":\"https:\/\/mint.humboldt.com.br\/#\/schema\/person\/f9f855ae25cb438200b4f6d49c346502\",\"name\":\"Vila Criativa\",\"image\":{\"@type\":\"ImageObject\",\"inLanguage\":\"de\",\"@id\":\"https:\/\/mint.humboldt.com.br\/#\/schema\/person\/image\/\",\"url\":\"https:\/\/secure.gravatar.com\/avatar\/b5110a6fdaa2baa543d00778ef669067?s=96&d=mm&r=g\",\"contentUrl\":\"https:\/\/secure.gravatar.com\/avatar\/b5110a6fdaa2baa543d00778ef669067?s=96&d=mm&r=g\",\"caption\":\"Vila Criativa\"},\"url\":\"https:\/\/mint.humboldt.com.br\/de\/author\/mint\/\"}]}<\/script>\n<!-- \/ Yoast SEO plugin. -->","yoast_head_json":{"title":"Lan\u00e7amento de foguetes &bull; MINT \u2022 Humboldt - Die Deutsche Schule in S\u00e3o Paulo","robots":{"index":"index","follow":"follow","max-snippet":"max-snippet:-1","max-image-preview":"max-image-preview:large","max-video-preview":"max-video-preview:-1"},"canonical":"https:\/\/mint.humboldt.com.br\/de\/lancamento-de-foguetes\/","og_locale":"de_DE","og_type":"article","og_title":"Lan\u00e7amento de foguetes &bull; MINT \u2022 Humboldt - Die Deutsche Schule in S\u00e3o Paulo","og_description":"Prof\u00aa. Jos\u00e9 Dimas e Jo\u00e3o Dam\u00e1sio (10\u00ba Ano) Neste projeto, \u00e9 realizada a constru\u00e7\u00e3o de um foguete utilizando-se garrafas descart\u00e1veis de refrigerante (PET) e um sistema de propuls\u00e3o que funciona com \u00e1gua e ar comprimido. A inten\u00e7\u00e3o \u00e9 proporcionar ao aluno a compreens\u00e3o dos fen\u00f4menos f\u00edsicos e sua representa\u00e7\u00e3o atrav\u00e9s de fun\u00e7\u00f5es matem\u00e1ticas, an\u00e1lise e [&hellip;]","og_url":"https:\/\/mint.humboldt.com.br\/de\/lancamento-de-foguetes\/","og_site_name":"MINT \u2022 Humboldt - Die Deutsche Schule in S\u00e3o Paulo","article_published_time":"2020-01-22T14:59:16+00:00","article_modified_time":"2022-09-13T15:02:46+00:00","og_image":[{"width":300,"height":300,"url":"https:\/\/mint.humboldt.com.br\/wp-content\/uploads\/2020\/01\/ensino-medio-projetos-lancamento-de-foguetes-2.jpg","type":"image\/jpeg"}],"author":"Vila Criativa","twitter_card":"summary_large_image","twitter_misc":{"Verfasst von":"Vila Criativa"},"schema":{"@context":"https:\/\/schema.org","@graph":[{"@type":"Article","@id":"https:\/\/mint.humboldt.com.br\/lancamento-de-foguetes\/#article","isPartOf":{"@id":"https:\/\/mint.humboldt.com.br\/lancamento-de-foguetes\/"},"author":{"name":"Vila Criativa","@id":"https:\/\/mint.humboldt.com.br\/#\/schema\/person\/f9f855ae25cb438200b4f6d49c346502"},"headline":"Lan\u00e7amento de foguetes","datePublished":"2020-01-22T14:59:16+00:00","dateModified":"2022-09-13T15:02:46+00:00","mainEntityOfPage":{"@id":"https:\/\/mint.humboldt.com.br\/lancamento-de-foguetes\/"},"wordCount":81,"commentCount":0,"publisher":{"@id":"https:\/\/mint.humboldt.com.br\/#organization"},"articleSection":["9\u00ba ano e Ensino M\u00e9dio"],"inLanguage":"de","potentialAction":[{"@type":"CommentAction","name":"Comment","target":["https:\/\/mint.humboldt.com.br\/lancamento-de-foguetes\/#respond"]}]},{"@type":"WebPage","@id":"https:\/\/mint.humboldt.com.br\/lancamento-de-foguetes\/","url":"https:\/\/mint.humboldt.com.br\/lancamento-de-foguetes\/","name":"Lan\u00e7amento de foguetes &bull; MINT \u2022 Humboldt - Die Deutsche Schule in S\u00e3o Paulo","isPartOf":{"@id":"https:\/\/mint.humboldt.com.br\/#website"},"datePublished":"2020-01-22T14:59:16+00:00","dateModified":"2022-09-13T15:02:46+00:00","breadcrumb":{"@id":"https:\/\/mint.humboldt.com.br\/lancamento-de-foguetes\/#breadcrumb"},"inLanguage":"de","potentialAction":[{"@type":"ReadAction","target":["https:\/\/mint.humboldt.com.br\/lancamento-de-foguetes\/"]}]},{"@type":"BreadcrumbList","@id":"https:\/\/mint.humboldt.com.br\/lancamento-de-foguetes\/#breadcrumb","itemListElement":[{"@type":"ListItem","position":1,"name":"In\u00edcio","item":"https:\/\/mint.humboldt.com.br\/"},{"@type":"ListItem","position":2,"name":"Lan\u00e7amento de foguetes"}]},{"@type":"WebSite","@id":"https:\/\/mint.humboldt.com.br\/#website","url":"https:\/\/mint.humboldt.com.br\/","name":"MINT \u2022 Humboldt - Die Deutsche Schule in S\u00e3o Paulo","description":"","publisher":{"@id":"https:\/\/mint.humboldt.com.br\/#organization"},"potentialAction":[{"@type":"SearchAction","target":{"@type":"EntryPoint","urlTemplate":"https:\/\/mint.humboldt.com.br\/?s={search_term_string}"},"query-input":"required name=search_term_string"}],"inLanguage":"de"},{"@type":"Organization","@id":"https:\/\/mint.humboldt.com.br\/#organization","name":"Humboldt - Die Deutsche Schule in S\u00e3o Paulo","url":"https:\/\/mint.humboldt.com.br\/","logo":{"@type":"ImageObject","inLanguage":"de","@id":"https:\/\/mint.humboldt.com.br\/#\/schema\/logo\/image\/","url":"https:\/\/mint.humboldt.com.br\/wp-content\/uploads\/2019\/12\/humboldt-logo.svg","contentUrl":"https:\/\/mint.humboldt.com.br\/wp-content\/uploads\/2019\/12\/humboldt-logo.svg","caption":"Humboldt - Die Deutsche Schule in S\u00e3o Paulo"},"image":{"@id":"https:\/\/mint.humboldt.com.br\/#\/schema\/logo\/image\/"}},{"@type":"Person","@id":"https:\/\/mint.humboldt.com.br\/#\/schema\/person\/f9f855ae25cb438200b4f6d49c346502","name":"Vila Criativa","image":{"@type":"ImageObject","inLanguage":"de","@id":"https:\/\/mint.humboldt.com.br\/#\/schema\/person\/image\/","url":"https:\/\/secure.gravatar.com\/avatar\/b5110a6fdaa2baa543d00778ef669067?s=96&d=mm&r=g","contentUrl":"https:\/\/secure.gravatar.com\/avatar\/b5110a6fdaa2baa543d00778ef669067?s=96&d=mm&r=g","caption":"Vila Criativa"},"url":"https:\/\/mint.humboldt.com.br\/de\/author\/mint\/"}]}},"_links":{"self":[{"href":"https:\/\/mint.humboldt.com.br\/de\/wp-json\/wp\/v2\/posts\/1195"}],"collection":[{"href":"https:\/\/mint.humboldt.com.br\/de\/wp-json\/wp\/v2\/posts"}],"about":[{"href":"https:\/\/mint.humboldt.com.br\/de\/wp-json\/wp\/v2\/types\/post"}],"author":[{"embeddable":true,"href":"https:\/\/mint.humboldt.com.br\/de\/wp-json\/wp\/v2\/users\/1"}],"replies":[{"embeddable":true,"href":"https:\/\/mint.humboldt.com.br\/de\/wp-json\/wp\/v2\/comments?post=1195"}],"version-history":[{"count":4,"href":"https:\/\/mint.humboldt.com.br\/de\/wp-json\/wp\/v2\/posts\/1195\/revisions"}],"predecessor-version":[{"id":2350,"href":"https:\/\/mint.humboldt.com.br\/de\/wp-json\/wp\/v2\/posts\/1195\/revisions\/2350"}],"wp:featuredmedia":[{"embeddable":true,"href":"https:\/\/mint.humboldt.com.br\/de\/wp-json\/wp\/v2\/media\/2349"}],"wp:attachment":[{"href":"https:\/\/mint.humboldt.com.br\/de\/wp-json\/wp\/v2\/media?parent=1195"}],"wp:term":[{"taxonomy":"category","embeddable":true,"href":"https:\/\/mint.humboldt.com.br\/de\/wp-json\/wp\/v2\/categories?post=1195"},{"taxonomy":"post_tag","embeddable":true,"href":"https:\/\/mint.humboldt.com.br\/de\/wp-json\/wp\/v2\/tags?post=1195"}],"curies":[{"name":"wp","href":"https:\/\/api.w.org\/{rel}","templated":true}]}}