{"id":1250,"date":"2020-01-22T14:05:39","date_gmt":"2020-01-22T17:05:39","guid":{"rendered":"http:\/\/mint.humboldt.com.br\/?p=1250"},"modified":"2022-10-31T15:48:02","modified_gmt":"2022-10-31T18:48:02","slug":"fundacao-julita","status":"publish","type":"post","link":"https:\/\/mint.humboldt.com.br\/de\/fundacao-julita\/","title":{"rendered":"Funda\u00e7\u00e3o Julita"},"content":{"rendered":"<p>Die Julita- Stifutng wurde 1951 mit dem Ziel geger\u00fcndet, Einwanderungsfamilien, die sich der Landwirtschaft widmeten, in Genossenschaften zu organisieren und ihnen Hilfe anzubieten im Hinblick auf Erziehung, Ern\u00e4hrung, Gesundheitsf\u00fcrsorge und auch in beruflicher Fortbildung. Heute liegt der Fokus darauf, Kindern, Jugendlichen und Familien aus sozial prek\u00e4ren Umst\u00e4nden Hilfe anzubieten durch Kurse, die zur Selbsthilfe anleiten und das soziale Verantwortungsgef\u00fchl st\u00e4rken. Die Stiftung ist Partnerin des Col\u00e9gio Humboldt in Sozialprojekten wie z.B. bei Workshops wie \u201eProgrammieren und Unternehmertum\u201c, wo die Sch\u00fclerinnen der Stiftung und der Schule gemeinsam Applikationen  entwickeln f\u00fcr Gesch\u00e4fts- und Marketingpl\u00e4ne.&nbsp;<a href=\"https:\/\/www.fundacaojulita.org.br\">https:\/\/www.fundacaojulita.org.br<\/a><\/p>","protected":false},"excerpt":{"rendered":"<p>Criada em 1951 com o objetivo principal era abrigar fam\u00edlias de migrantes rurais no modelo de cooperativa e oferecendo tamb\u00e9m assist\u00eancia em rela\u00e7\u00e3o \u00e0 educa\u00e7\u00e3o, alimenta\u00e7\u00e3o, sa\u00fade e orienta\u00e7\u00e3o profissional. Atualmente tem como miss\u00e3o atender a crian\u00e7as, jovens e fam\u00edlias em situa\u00e7\u00e3o de vulnerabilidade social por meio de a\u00e7\u00f5es socioeducativas que promovam o exerc\u00edcio da [&hellip;]<\/p>","protected":false},"author":1,"featured_media":1914,"comment_status":"open","ping_status":"open","sticky":false,"template":"","format":"standard","meta":{"_et_pb_use_builder":"","_et_pb_old_content":"","_et_gb_content_width":""},"categories":[1],"tags":[],"yoast_head":"<!-- This site is optimized with the Yoast SEO plugin v19.10 - https:\/\/yoast.com\/wordpress\/plugins\/seo\/ -->\n<title>Funda\u00e7\u00e3o Julita &bull; MINT \u2022 Humboldt - Die Deutsche Schule in S\u00e3o Paulo<\/title>\n<meta name=\"description\" content=\"A Funda\u00e7\u00e3o Julita tem como miss\u00e3o atender a crian\u00e7as, jovens e fam\u00edlias em situa\u00e7\u00e3o de vulnerabilidade social por meio de a\u00e7\u00f5es socioeducativas.\" \/>\n<meta name=\"robots\" content=\"index, follow, max-snippet:-1, max-image-preview:large, max-video-preview:-1\" \/>\n<link rel=\"canonical\" href=\"https:\/\/mint.humboldt.com.br\/de\/fundacao-julita\/\" \/>\n<meta property=\"og:locale\" content=\"de_DE\" \/>\n<meta property=\"og:type\" content=\"article\" \/>\n<meta property=\"og:title\" content=\"Funda\u00e7\u00e3o Julita &bull; MINT \u2022 Humboldt - Die Deutsche Schule in S\u00e3o Paulo\" \/>\n<meta property=\"og:description\" content=\"A Funda\u00e7\u00e3o Julita tem como miss\u00e3o atender a crian\u00e7as, jovens e fam\u00edlias em situa\u00e7\u00e3o de vulnerabilidade social por meio de a\u00e7\u00f5es socioeducativas.\" \/>\n<meta property=\"og:url\" content=\"https:\/\/mint.humboldt.com.br\/de\/fundacao-julita\/\" \/>\n<meta property=\"og:site_name\" content=\"MINT \u2022 Humboldt - Die Deutsche Schule in S\u00e3o Paulo\" \/>\n<meta property=\"article:published_time\" content=\"2020-01-22T17:05:39+00:00\" \/>\n<meta property=\"article:modified_time\" content=\"2022-10-31T18:48:02+00:00\" \/>\n<meta property=\"og:image\" content=\"https:\/\/mint.humboldt.com.br\/wp-content\/uploads\/2020\/01\/coordenacao-com-empresas-fundacao-julita.jpg\" \/>\n\t<meta property=\"og:image:width\" content=\"300\" \/>\n\t<meta property=\"og:image:height\" content=\"300\" \/>\n\t<meta property=\"og:image:type\" content=\"image\/jpeg\" \/>\n<meta name=\"author\" content=\"Vila Criativa\" \/>\n<meta name=\"twitter:card\" content=\"summary_large_image\" \/>\n<meta name=\"twitter:label1\" content=\"Verfasst von\" \/>\n\t<meta name=\"twitter:data1\" content=\"Vila Criativa\" \/>\n\t<meta name=\"twitter:label2\" content=\"Gesch\u00e4tzte Lesezeit\" \/>\n\t<meta name=\"twitter:data2\" content=\"1\u00a0Minute\" \/>\n<script type=\"application\/ld+json\" class=\"yoast-schema-graph\">{\"@context\":\"https:\/\/schema.org\",\"@graph\":[{\"@type\":\"Article\",\"@id\":\"https:\/\/mint.humboldt.com.br\/de\/fundacao-julita\/#article\",\"isPartOf\":{\"@id\":\"https:\/\/mint.humboldt.com.br\/de\/fundacao-julita\/\"},\"author\":{\"name\":\"Vila Criativa\",\"@id\":\"https:\/\/mint.humboldt.com.br\/#\/schema\/person\/f9f855ae25cb438200b4f6d49c346502\"},\"headline\":\"Funda\u00e7\u00e3o Julita\",\"datePublished\":\"2020-01-22T17:05:39+00:00\",\"dateModified\":\"2022-10-31T18:48:02+00:00\",\"mainEntityOfPage\":{\"@id\":\"https:\/\/mint.humboldt.com.br\/de\/fundacao-julita\/\"},\"wordCount\":126,\"commentCount\":0,\"publisher\":{\"@id\":\"https:\/\/mint.humboldt.com.br\/#organization\"},\"articleSection\":[\"Sem categoria\"],\"inLanguage\":\"de\",\"potentialAction\":[{\"@type\":\"CommentAction\",\"name\":\"Comment\",\"target\":[\"https:\/\/mint.humboldt.com.br\/de\/fundacao-julita\/#respond\"]}]},{\"@type\":\"WebPage\",\"@id\":\"https:\/\/mint.humboldt.com.br\/de\/fundacao-julita\/\",\"url\":\"https:\/\/mint.humboldt.com.br\/de\/fundacao-julita\/\",\"name\":\"Funda\u00e7\u00e3o Julita &bull; MINT \u2022 Humboldt - Die Deutsche Schule in S\u00e3o Paulo\",\"isPartOf\":{\"@id\":\"https:\/\/mint.humboldt.com.br\/#website\"},\"datePublished\":\"2020-01-22T17:05:39+00:00\",\"dateModified\":\"2022-10-31T18:48:02+00:00\",\"description\":\"A Funda\u00e7\u00e3o Julita tem como miss\u00e3o atender a crian\u00e7as, jovens e fam\u00edlias em situa\u00e7\u00e3o de vulnerabilidade social por meio de a\u00e7\u00f5es socioeducativas.\",\"breadcrumb\":{\"@id\":\"https:\/\/mint.humboldt.com.br\/de\/fundacao-julita\/#breadcrumb\"},\"inLanguage\":\"de\",\"potentialAction\":[{\"@type\":\"ReadAction\",\"target\":[\"https:\/\/mint.humboldt.com.br\/de\/fundacao-julita\/\"]}]},{\"@type\":\"BreadcrumbList\",\"@id\":\"https:\/\/mint.humboldt.com.br\/de\/fundacao-julita\/#breadcrumb\",\"itemListElement\":[{\"@type\":\"ListItem\",\"position\":1,\"name\":\"In\u00edcio\",\"item\":\"https:\/\/mint.humboldt.com.br\/\"},{\"@type\":\"ListItem\",\"position\":2,\"name\":\"Funda\u00e7\u00e3o Julita\"}]},{\"@type\":\"WebSite\",\"@id\":\"https:\/\/mint.humboldt.com.br\/#website\",\"url\":\"https:\/\/mint.humboldt.com.br\/\",\"name\":\"MINT \u2022 Humboldt - Die Deutsche Schule in S\u00e3o Paulo\",\"description\":\"\",\"publisher\":{\"@id\":\"https:\/\/mint.humboldt.com.br\/#organization\"},\"potentialAction\":[{\"@type\":\"SearchAction\",\"target\":{\"@type\":\"EntryPoint\",\"urlTemplate\":\"https:\/\/mint.humboldt.com.br\/?s={search_term_string}\"},\"query-input\":\"required name=search_term_string\"}],\"inLanguage\":\"de\"},{\"@type\":\"Organization\",\"@id\":\"https:\/\/mint.humboldt.com.br\/#organization\",\"name\":\"Humboldt - Die Deutsche Schule in S\u00e3o Paulo\",\"url\":\"https:\/\/mint.humboldt.com.br\/\",\"logo\":{\"@type\":\"ImageObject\",\"inLanguage\":\"de\",\"@id\":\"https:\/\/mint.humboldt.com.br\/#\/schema\/logo\/image\/\",\"url\":\"https:\/\/mint.humboldt.com.br\/wp-content\/uploads\/2019\/12\/humboldt-logo.svg\",\"contentUrl\":\"https:\/\/mint.humboldt.com.br\/wp-content\/uploads\/2019\/12\/humboldt-logo.svg\",\"caption\":\"Humboldt - Die Deutsche Schule in S\u00e3o Paulo\"},\"image\":{\"@id\":\"https:\/\/mint.humboldt.com.br\/#\/schema\/logo\/image\/\"}},{\"@type\":\"Person\",\"@id\":\"https:\/\/mint.humboldt.com.br\/#\/schema\/person\/f9f855ae25cb438200b4f6d49c346502\",\"name\":\"Vila Criativa\",\"image\":{\"@type\":\"ImageObject\",\"inLanguage\":\"de\",\"@id\":\"https:\/\/mint.humboldt.com.br\/#\/schema\/person\/image\/\",\"url\":\"https:\/\/secure.gravatar.com\/avatar\/b5110a6fdaa2baa543d00778ef669067?s=96&d=mm&r=g\",\"contentUrl\":\"https:\/\/secure.gravatar.com\/avatar\/b5110a6fdaa2baa543d00778ef669067?s=96&d=mm&r=g\",\"caption\":\"Vila Criativa\"},\"url\":\"https:\/\/mint.humboldt.com.br\/de\/author\/mint\/\"}]}<\/script>\n<!-- \/ Yoast SEO plugin. -->","yoast_head_json":{"title":"Funda\u00e7\u00e3o Julita &bull; MINT \u2022 Humboldt - Die Deutsche Schule in S\u00e3o Paulo","description":"A Funda\u00e7\u00e3o Julita tem como miss\u00e3o atender a crian\u00e7as, jovens e fam\u00edlias em situa\u00e7\u00e3o de vulnerabilidade social por meio de a\u00e7\u00f5es socioeducativas.","robots":{"index":"index","follow":"follow","max-snippet":"max-snippet:-1","max-image-preview":"max-image-preview:large","max-video-preview":"max-video-preview:-1"},"canonical":"https:\/\/mint.humboldt.com.br\/de\/fundacao-julita\/","og_locale":"de_DE","og_type":"article","og_title":"Funda\u00e7\u00e3o Julita &bull; MINT \u2022 Humboldt - Die Deutsche Schule in S\u00e3o Paulo","og_description":"A Funda\u00e7\u00e3o Julita tem como miss\u00e3o atender a crian\u00e7as, jovens e fam\u00edlias em situa\u00e7\u00e3o de vulnerabilidade social por meio de a\u00e7\u00f5es socioeducativas.","og_url":"https:\/\/mint.humboldt.com.br\/de\/fundacao-julita\/","og_site_name":"MINT \u2022 Humboldt - Die Deutsche Schule in S\u00e3o Paulo","article_published_time":"2020-01-22T17:05:39+00:00","article_modified_time":"2022-10-31T18:48:02+00:00","og_image":[{"width":300,"height":300,"url":"https:\/\/mint.humboldt.com.br\/wp-content\/uploads\/2020\/01\/coordenacao-com-empresas-fundacao-julita.jpg","type":"image\/jpeg"}],"author":"Vila Criativa","twitter_card":"summary_large_image","twitter_misc":{"Verfasst von":"Vila Criativa","Gesch\u00e4tzte Lesezeit":"1\u00a0Minute"},"schema":{"@context":"https:\/\/schema.org","@graph":[{"@type":"Article","@id":"https:\/\/mint.humboldt.com.br\/de\/fundacao-julita\/#article","isPartOf":{"@id":"https:\/\/mint.humboldt.com.br\/de\/fundacao-julita\/"},"author":{"name":"Vila Criativa","@id":"https:\/\/mint.humboldt.com.br\/#\/schema\/person\/f9f855ae25cb438200b4f6d49c346502"},"headline":"Funda\u00e7\u00e3o Julita","datePublished":"2020-01-22T17:05:39+00:00","dateModified":"2022-10-31T18:48:02+00:00","mainEntityOfPage":{"@id":"https:\/\/mint.humboldt.com.br\/de\/fundacao-julita\/"},"wordCount":126,"commentCount":0,"publisher":{"@id":"https:\/\/mint.humboldt.com.br\/#organization"},"articleSection":["Sem categoria"],"inLanguage":"de","potentialAction":[{"@type":"CommentAction","name":"Comment","target":["https:\/\/mint.humboldt.com.br\/de\/fundacao-julita\/#respond"]}]},{"@type":"WebPage","@id":"https:\/\/mint.humboldt.com.br\/de\/fundacao-julita\/","url":"https:\/\/mint.humboldt.com.br\/de\/fundacao-julita\/","name":"Funda\u00e7\u00e3o Julita &bull; MINT \u2022 Humboldt - Die Deutsche Schule in S\u00e3o Paulo","isPartOf":{"@id":"https:\/\/mint.humboldt.com.br\/#website"},"datePublished":"2020-01-22T17:05:39+00:00","dateModified":"2022-10-31T18:48:02+00:00","description":"A Funda\u00e7\u00e3o Julita tem como miss\u00e3o atender a crian\u00e7as, jovens e fam\u00edlias em situa\u00e7\u00e3o de vulnerabilidade social por meio de a\u00e7\u00f5es socioeducativas.","breadcrumb":{"@id":"https:\/\/mint.humboldt.com.br\/de\/fundacao-julita\/#breadcrumb"},"inLanguage":"de","potentialAction":[{"@type":"ReadAction","target":["https:\/\/mint.humboldt.com.br\/de\/fundacao-julita\/"]}]},{"@type":"BreadcrumbList","@id":"https:\/\/mint.humboldt.com.br\/de\/fundacao-julita\/#breadcrumb","itemListElement":[{"@type":"ListItem","position":1,"name":"In\u00edcio","item":"https:\/\/mint.humboldt.com.br\/"},{"@type":"ListItem","position":2,"name":"Funda\u00e7\u00e3o Julita"}]},{"@type":"WebSite","@id":"https:\/\/mint.humboldt.com.br\/#website","url":"https:\/\/mint.humboldt.com.br\/","name":"MINT \u2022 Humboldt - Die Deutsche Schule in S\u00e3o Paulo","description":"","publisher":{"@id":"https:\/\/mint.humboldt.com.br\/#organization"},"potentialAction":[{"@type":"SearchAction","target":{"@type":"EntryPoint","urlTemplate":"https:\/\/mint.humboldt.com.br\/?s={search_term_string}"},"query-input":"required name=search_term_string"}],"inLanguage":"de"},{"@type":"Organization","@id":"https:\/\/mint.humboldt.com.br\/#organization","name":"Humboldt - Die Deutsche Schule in S\u00e3o Paulo","url":"https:\/\/mint.humboldt.com.br\/","logo":{"@type":"ImageObject","inLanguage":"de","@id":"https:\/\/mint.humboldt.com.br\/#\/schema\/logo\/image\/","url":"https:\/\/mint.humboldt.com.br\/wp-content\/uploads\/2019\/12\/humboldt-logo.svg","contentUrl":"https:\/\/mint.humboldt.com.br\/wp-content\/uploads\/2019\/12\/humboldt-logo.svg","caption":"Humboldt - Die Deutsche Schule in S\u00e3o Paulo"},"image":{"@id":"https:\/\/mint.humboldt.com.br\/#\/schema\/logo\/image\/"}},{"@type":"Person","@id":"https:\/\/mint.humboldt.com.br\/#\/schema\/person\/f9f855ae25cb438200b4f6d49c346502","name":"Vila Criativa","image":{"@type":"ImageObject","inLanguage":"de","@id":"https:\/\/mint.humboldt.com.br\/#\/schema\/person\/image\/","url":"https:\/\/secure.gravatar.com\/avatar\/b5110a6fdaa2baa543d00778ef669067?s=96&d=mm&r=g","contentUrl":"https:\/\/secure.gravatar.com\/avatar\/b5110a6fdaa2baa543d00778ef669067?s=96&d=mm&r=g","caption":"Vila Criativa"},"url":"https:\/\/mint.humboldt.com.br\/de\/author\/mint\/"}]}},"_links":{"self":[{"href":"https:\/\/mint.humboldt.com.br\/de\/wp-json\/wp\/v2\/posts\/1250"}],"collection":[{"href":"https:\/\/mint.humboldt.com.br\/de\/wp-json\/wp\/v2\/posts"}],"about":[{"href":"https:\/\/mint.humboldt.com.br\/de\/wp-json\/wp\/v2\/types\/post"}],"author":[{"embeddable":true,"href":"https:\/\/mint.humboldt.com.br\/de\/wp-json\/wp\/v2\/users\/1"}],"replies":[{"embeddable":true,"href":"https:\/\/mint.humboldt.com.br\/de\/wp-json\/wp\/v2\/comments?post=1250"}],"version-history":[{"count":1,"href":"https:\/\/mint.humboldt.com.br\/de\/wp-json\/wp\/v2\/posts\/1250\/revisions"}],"predecessor-version":[{"id":1251,"href":"https:\/\/mint.humboldt.com.br\/de\/wp-json\/wp\/v2\/posts\/1250\/revisions\/1251"}],"wp:featuredmedia":[{"embeddable":true,"href":"https:\/\/mint.humboldt.com.br\/de\/wp-json\/wp\/v2\/media\/1914"}],"wp:attachment":[{"href":"https:\/\/mint.humboldt.com.br\/de\/wp-json\/wp\/v2\/media?parent=1250"}],"wp:term":[{"taxonomy":"category","embeddable":true,"href":"https:\/\/mint.humboldt.com.br\/de\/wp-json\/wp\/v2\/categories?post=1250"},{"taxonomy":"post_tag","embeddable":true,"href":"https:\/\/mint.humboldt.com.br\/de\/wp-json\/wp\/v2\/tags?post=1250"}],"curies":[{"name":"wp","href":"https:\/\/api.w.org\/{rel}","templated":true}]}}