{"id":1874,"date":"2020-02-10T15:00:01","date_gmt":"2020-02-10T18:00:01","guid":{"rendered":"http:\/\/mint.humboldt.com.br\/?p=1874"},"modified":"2022-11-01T10:17:25","modified_gmt":"2022-11-01T13:17:25","slug":"evolucao-de-1859-ate-os-dias-de-hoje","status":"publish","type":"post","link":"https:\/\/mint.humboldt.com.br\/de\/evolucao-de-1859-ate-os-dias-de-hoje\/","title":{"rendered":"Evolu\u00e7\u00e3o: de 1859 at\u00e9 os dias de hoje"},"content":{"rendered":"<p><em>Prof\u00aa. Bianca<\/em><\/p>\n\n\n\n<p>Im Fokus dieses Kurses steht die Untersuchung der Evolutionstheorie seit ihrer Formulierung durch Charles Darwin, aber ebenso wird eingegangen auf den Sozial- Darwinismus, auf die Entwicklung des Menschen und auf die Partnerwahl, bis hin zur aktuellen Diskussion da\u00fcber, ob zwischen Menschen \u00fcberhaupt Rassenunterschiede bestehen. Das Ziel ist es, zum Nachdenken \u00fcber den Kern der Naturwissenschaften anzuregen und das Verst\u00e4ndnis daf\u00fcr zu wecken, dass die Evolution kein linearer Prozess ist und keineswegs mit einer st\u00e4ndigen Verbesserung einhergeht.<\/p>","protected":false},"excerpt":{"rendered":"<p>Prof\u00aa. Bianca<\/p>","protected":false},"author":1,"featured_media":1837,"comment_status":"open","ping_status":"open","sticky":false,"template":"","format":"standard","meta":{"_et_pb_use_builder":"","_et_pb_old_content":"","_et_gb_content_width":""},"categories":[30],"tags":[],"yoast_head":"<!-- This site is optimized with the Yoast SEO plugin v19.10 - https:\/\/yoast.com\/wordpress\/plugins\/seo\/ -->\n<title>Evolu\u00e7\u00e3o: de 1859 at\u00e9 os dias de hoje &bull; MINT \u2022 Humboldt - Die Deutsche Schule in S\u00e3o Paulo<\/title>\n<meta name=\"description\" content=\"Nessa mat\u00e9ria, alunos e alunas estudar\u00e3o evolu\u00e7\u00e3o desde a elabora\u00e7\u00e3o da teoria da evolu\u00e7\u00e3o por Charles Darwin, chegando \u00e0 discuss\u00f5es atuais.\" \/>\n<meta name=\"robots\" content=\"index, follow, max-snippet:-1, max-image-preview:large, max-video-preview:-1\" \/>\n<link rel=\"canonical\" href=\"https:\/\/mint.humboldt.com.br\/de\/evolucao-de-1859-ate-os-dias-de-hoje\/\" \/>\n<meta property=\"og:locale\" content=\"de_DE\" \/>\n<meta property=\"og:type\" content=\"article\" \/>\n<meta property=\"og:title\" content=\"Evolu\u00e7\u00e3o: de 1859 at\u00e9 os dias de hoje &bull; MINT \u2022 Humboldt - Die Deutsche Schule in S\u00e3o Paulo\" \/>\n<meta property=\"og:description\" content=\"Nessa mat\u00e9ria, alunos e alunas estudar\u00e3o evolu\u00e7\u00e3o desde a elabora\u00e7\u00e3o da teoria da evolu\u00e7\u00e3o por Charles Darwin, chegando \u00e0 discuss\u00f5es atuais.\" \/>\n<meta property=\"og:url\" content=\"https:\/\/mint.humboldt.com.br\/de\/evolucao-de-1859-ate-os-dias-de-hoje\/\" \/>\n<meta property=\"og:site_name\" content=\"MINT \u2022 Humboldt - Die Deutsche Schule in S\u00e3o Paulo\" \/>\n<meta property=\"article:published_time\" content=\"2020-02-10T18:00:01+00:00\" \/>\n<meta property=\"article:modified_time\" content=\"2022-11-01T13:17:25+00:00\" \/>\n<meta property=\"og:image\" content=\"https:\/\/mint.humboldt.com.br\/wp-content\/uploads\/2020\/02\/ofertas-especiais-evolucao.jpg\" \/>\n\t<meta property=\"og:image:width\" content=\"300\" \/>\n\t<meta property=\"og:image:height\" content=\"300\" \/>\n\t<meta property=\"og:image:type\" content=\"image\/jpeg\" \/>\n<meta name=\"author\" content=\"Vila Criativa\" \/>\n<meta name=\"twitter:card\" content=\"summary_large_image\" \/>\n<meta name=\"twitter:label1\" content=\"Verfasst von\" \/>\n\t<meta name=\"twitter:data1\" content=\"Vila Criativa\" \/>\n<script type=\"application\/ld+json\" class=\"yoast-schema-graph\">{\"@context\":\"https:\/\/schema.org\",\"@graph\":[{\"@type\":\"Article\",\"@id\":\"https:\/\/mint.humboldt.com.br\/evolucao-de-1859-ate-os-dias-de-hoje\/#article\",\"isPartOf\":{\"@id\":\"https:\/\/mint.humboldt.com.br\/evolucao-de-1859-ate-os-dias-de-hoje\/\"},\"author\":{\"name\":\"Vila Criativa\",\"@id\":\"https:\/\/mint.humboldt.com.br\/#\/schema\/person\/f9f855ae25cb438200b4f6d49c346502\"},\"headline\":\"Evolu\u00e7\u00e3o: de 1859 at\u00e9 os dias de hoje\",\"datePublished\":\"2020-02-10T18:00:01+00:00\",\"dateModified\":\"2022-11-01T13:17:25+00:00\",\"mainEntityOfPage\":{\"@id\":\"https:\/\/mint.humboldt.com.br\/evolucao-de-1859-ate-os-dias-de-hoje\/\"},\"wordCount\":94,\"commentCount\":0,\"publisher\":{\"@id\":\"https:\/\/mint.humboldt.com.br\/#organization\"},\"articleSection\":[\"1\u00ba Semestre\"],\"inLanguage\":\"de\",\"potentialAction\":[{\"@type\":\"CommentAction\",\"name\":\"Comment\",\"target\":[\"https:\/\/mint.humboldt.com.br\/evolucao-de-1859-ate-os-dias-de-hoje\/#respond\"]}]},{\"@type\":\"WebPage\",\"@id\":\"https:\/\/mint.humboldt.com.br\/evolucao-de-1859-ate-os-dias-de-hoje\/\",\"url\":\"https:\/\/mint.humboldt.com.br\/evolucao-de-1859-ate-os-dias-de-hoje\/\",\"name\":\"Evolu\u00e7\u00e3o: de 1859 at\u00e9 os dias de hoje &bull; MINT \u2022 Humboldt - Die Deutsche Schule in S\u00e3o Paulo\",\"isPartOf\":{\"@id\":\"https:\/\/mint.humboldt.com.br\/#website\"},\"datePublished\":\"2020-02-10T18:00:01+00:00\",\"dateModified\":\"2022-11-01T13:17:25+00:00\",\"description\":\"Nessa mat\u00e9ria, alunos e alunas estudar\u00e3o evolu\u00e7\u00e3o desde a elabora\u00e7\u00e3o da teoria da evolu\u00e7\u00e3o por Charles Darwin, chegando \u00e0 discuss\u00f5es atuais.\",\"breadcrumb\":{\"@id\":\"https:\/\/mint.humboldt.com.br\/evolucao-de-1859-ate-os-dias-de-hoje\/#breadcrumb\"},\"inLanguage\":\"de\",\"potentialAction\":[{\"@type\":\"ReadAction\",\"target\":[\"https:\/\/mint.humboldt.com.br\/evolucao-de-1859-ate-os-dias-de-hoje\/\"]}]},{\"@type\":\"BreadcrumbList\",\"@id\":\"https:\/\/mint.humboldt.com.br\/evolucao-de-1859-ate-os-dias-de-hoje\/#breadcrumb\",\"itemListElement\":[{\"@type\":\"ListItem\",\"position\":1,\"name\":\"In\u00edcio\",\"item\":\"https:\/\/mint.humboldt.com.br\/\"},{\"@type\":\"ListItem\",\"position\":2,\"name\":\"Evolu\u00e7\u00e3o: de 1859 at\u00e9 os dias de hoje\"}]},{\"@type\":\"WebSite\",\"@id\":\"https:\/\/mint.humboldt.com.br\/#website\",\"url\":\"https:\/\/mint.humboldt.com.br\/\",\"name\":\"MINT \u2022 Humboldt - Die Deutsche Schule in S\u00e3o Paulo\",\"description\":\"\",\"publisher\":{\"@id\":\"https:\/\/mint.humboldt.com.br\/#organization\"},\"potentialAction\":[{\"@type\":\"SearchAction\",\"target\":{\"@type\":\"EntryPoint\",\"urlTemplate\":\"https:\/\/mint.humboldt.com.br\/?s={search_term_string}\"},\"query-input\":\"required name=search_term_string\"}],\"inLanguage\":\"de\"},{\"@type\":\"Organization\",\"@id\":\"https:\/\/mint.humboldt.com.br\/#organization\",\"name\":\"Humboldt - Die Deutsche Schule in S\u00e3o Paulo\",\"url\":\"https:\/\/mint.humboldt.com.br\/\",\"logo\":{\"@type\":\"ImageObject\",\"inLanguage\":\"de\",\"@id\":\"https:\/\/mint.humboldt.com.br\/#\/schema\/logo\/image\/\",\"url\":\"https:\/\/mint.humboldt.com.br\/wp-content\/uploads\/2019\/12\/humboldt-logo.svg\",\"contentUrl\":\"https:\/\/mint.humboldt.com.br\/wp-content\/uploads\/2019\/12\/humboldt-logo.svg\",\"caption\":\"Humboldt - Die Deutsche Schule in S\u00e3o Paulo\"},\"image\":{\"@id\":\"https:\/\/mint.humboldt.com.br\/#\/schema\/logo\/image\/\"}},{\"@type\":\"Person\",\"@id\":\"https:\/\/mint.humboldt.com.br\/#\/schema\/person\/f9f855ae25cb438200b4f6d49c346502\",\"name\":\"Vila Criativa\",\"image\":{\"@type\":\"ImageObject\",\"inLanguage\":\"de\",\"@id\":\"https:\/\/mint.humboldt.com.br\/#\/schema\/person\/image\/\",\"url\":\"https:\/\/secure.gravatar.com\/avatar\/b5110a6fdaa2baa543d00778ef669067?s=96&d=mm&r=g\",\"contentUrl\":\"https:\/\/secure.gravatar.com\/avatar\/b5110a6fdaa2baa543d00778ef669067?s=96&d=mm&r=g\",\"caption\":\"Vila Criativa\"},\"url\":\"https:\/\/mint.humboldt.com.br\/de\/author\/mint\/\"}]}<\/script>\n<!-- \/ Yoast SEO plugin. -->","yoast_head_json":{"title":"Evolu\u00e7\u00e3o: de 1859 at\u00e9 os dias de hoje &bull; MINT \u2022 Humboldt - Die Deutsche Schule in S\u00e3o Paulo","description":"Nessa mat\u00e9ria, alunos e alunas estudar\u00e3o evolu\u00e7\u00e3o desde a elabora\u00e7\u00e3o da teoria da evolu\u00e7\u00e3o por Charles Darwin, chegando \u00e0 discuss\u00f5es atuais.","robots":{"index":"index","follow":"follow","max-snippet":"max-snippet:-1","max-image-preview":"max-image-preview:large","max-video-preview":"max-video-preview:-1"},"canonical":"https:\/\/mint.humboldt.com.br\/de\/evolucao-de-1859-ate-os-dias-de-hoje\/","og_locale":"de_DE","og_type":"article","og_title":"Evolu\u00e7\u00e3o: de 1859 at\u00e9 os dias de hoje &bull; MINT \u2022 Humboldt - Die Deutsche Schule in S\u00e3o Paulo","og_description":"Nessa mat\u00e9ria, alunos e alunas estudar\u00e3o evolu\u00e7\u00e3o desde a elabora\u00e7\u00e3o da teoria da evolu\u00e7\u00e3o por Charles Darwin, chegando \u00e0 discuss\u00f5es atuais.","og_url":"https:\/\/mint.humboldt.com.br\/de\/evolucao-de-1859-ate-os-dias-de-hoje\/","og_site_name":"MINT \u2022 Humboldt - Die Deutsche Schule in S\u00e3o Paulo","article_published_time":"2020-02-10T18:00:01+00:00","article_modified_time":"2022-11-01T13:17:25+00:00","og_image":[{"width":300,"height":300,"url":"https:\/\/mint.humboldt.com.br\/wp-content\/uploads\/2020\/02\/ofertas-especiais-evolucao.jpg","type":"image\/jpeg"}],"author":"Vila Criativa","twitter_card":"summary_large_image","twitter_misc":{"Verfasst von":"Vila Criativa"},"schema":{"@context":"https:\/\/schema.org","@graph":[{"@type":"Article","@id":"https:\/\/mint.humboldt.com.br\/evolucao-de-1859-ate-os-dias-de-hoje\/#article","isPartOf":{"@id":"https:\/\/mint.humboldt.com.br\/evolucao-de-1859-ate-os-dias-de-hoje\/"},"author":{"name":"Vila Criativa","@id":"https:\/\/mint.humboldt.com.br\/#\/schema\/person\/f9f855ae25cb438200b4f6d49c346502"},"headline":"Evolu\u00e7\u00e3o: de 1859 at\u00e9 os dias de hoje","datePublished":"2020-02-10T18:00:01+00:00","dateModified":"2022-11-01T13:17:25+00:00","mainEntityOfPage":{"@id":"https:\/\/mint.humboldt.com.br\/evolucao-de-1859-ate-os-dias-de-hoje\/"},"wordCount":94,"commentCount":0,"publisher":{"@id":"https:\/\/mint.humboldt.com.br\/#organization"},"articleSection":["1\u00ba Semestre"],"inLanguage":"de","potentialAction":[{"@type":"CommentAction","name":"Comment","target":["https:\/\/mint.humboldt.com.br\/evolucao-de-1859-ate-os-dias-de-hoje\/#respond"]}]},{"@type":"WebPage","@id":"https:\/\/mint.humboldt.com.br\/evolucao-de-1859-ate-os-dias-de-hoje\/","url":"https:\/\/mint.humboldt.com.br\/evolucao-de-1859-ate-os-dias-de-hoje\/","name":"Evolu\u00e7\u00e3o: de 1859 at\u00e9 os dias de hoje &bull; MINT \u2022 Humboldt - Die Deutsche Schule in S\u00e3o Paulo","isPartOf":{"@id":"https:\/\/mint.humboldt.com.br\/#website"},"datePublished":"2020-02-10T18:00:01+00:00","dateModified":"2022-11-01T13:17:25+00:00","description":"Nessa mat\u00e9ria, alunos e alunas estudar\u00e3o evolu\u00e7\u00e3o desde a elabora\u00e7\u00e3o da teoria da evolu\u00e7\u00e3o por Charles Darwin, chegando \u00e0 discuss\u00f5es atuais.","breadcrumb":{"@id":"https:\/\/mint.humboldt.com.br\/evolucao-de-1859-ate-os-dias-de-hoje\/#breadcrumb"},"inLanguage":"de","potentialAction":[{"@type":"ReadAction","target":["https:\/\/mint.humboldt.com.br\/evolucao-de-1859-ate-os-dias-de-hoje\/"]}]},{"@type":"BreadcrumbList","@id":"https:\/\/mint.humboldt.com.br\/evolucao-de-1859-ate-os-dias-de-hoje\/#breadcrumb","itemListElement":[{"@type":"ListItem","position":1,"name":"In\u00edcio","item":"https:\/\/mint.humboldt.com.br\/"},{"@type":"ListItem","position":2,"name":"Evolu\u00e7\u00e3o: de 1859 at\u00e9 os dias de hoje"}]},{"@type":"WebSite","@id":"https:\/\/mint.humboldt.com.br\/#website","url":"https:\/\/mint.humboldt.com.br\/","name":"MINT \u2022 Humboldt - Die Deutsche Schule in S\u00e3o Paulo","description":"","publisher":{"@id":"https:\/\/mint.humboldt.com.br\/#organization"},"potentialAction":[{"@type":"SearchAction","target":{"@type":"EntryPoint","urlTemplate":"https:\/\/mint.humboldt.com.br\/?s={search_term_string}"},"query-input":"required name=search_term_string"}],"inLanguage":"de"},{"@type":"Organization","@id":"https:\/\/mint.humboldt.com.br\/#organization","name":"Humboldt - Die Deutsche Schule in S\u00e3o Paulo","url":"https:\/\/mint.humboldt.com.br\/","logo":{"@type":"ImageObject","inLanguage":"de","@id":"https:\/\/mint.humboldt.com.br\/#\/schema\/logo\/image\/","url":"https:\/\/mint.humboldt.com.br\/wp-content\/uploads\/2019\/12\/humboldt-logo.svg","contentUrl":"https:\/\/mint.humboldt.com.br\/wp-content\/uploads\/2019\/12\/humboldt-logo.svg","caption":"Humboldt - Die Deutsche Schule in S\u00e3o Paulo"},"image":{"@id":"https:\/\/mint.humboldt.com.br\/#\/schema\/logo\/image\/"}},{"@type":"Person","@id":"https:\/\/mint.humboldt.com.br\/#\/schema\/person\/f9f855ae25cb438200b4f6d49c346502","name":"Vila Criativa","image":{"@type":"ImageObject","inLanguage":"de","@id":"https:\/\/mint.humboldt.com.br\/#\/schema\/person\/image\/","url":"https:\/\/secure.gravatar.com\/avatar\/b5110a6fdaa2baa543d00778ef669067?s=96&d=mm&r=g","contentUrl":"https:\/\/secure.gravatar.com\/avatar\/b5110a6fdaa2baa543d00778ef669067?s=96&d=mm&r=g","caption":"Vila Criativa"},"url":"https:\/\/mint.humboldt.com.br\/de\/author\/mint\/"}]}},"_links":{"self":[{"href":"https:\/\/mint.humboldt.com.br\/de\/wp-json\/wp\/v2\/posts\/1874"}],"collection":[{"href":"https:\/\/mint.humboldt.com.br\/de\/wp-json\/wp\/v2\/posts"}],"about":[{"href":"https:\/\/mint.humboldt.com.br\/de\/wp-json\/wp\/v2\/types\/post"}],"author":[{"embeddable":true,"href":"https:\/\/mint.humboldt.com.br\/de\/wp-json\/wp\/v2\/users\/1"}],"replies":[{"embeddable":true,"href":"https:\/\/mint.humboldt.com.br\/de\/wp-json\/wp\/v2\/comments?post=1874"}],"version-history":[{"count":3,"href":"https:\/\/mint.humboldt.com.br\/de\/wp-json\/wp\/v2\/posts\/1874\/revisions"}],"predecessor-version":[{"id":2429,"href":"https:\/\/mint.humboldt.com.br\/de\/wp-json\/wp\/v2\/posts\/1874\/revisions\/2429"}],"wp:featuredmedia":[{"embeddable":true,"href":"https:\/\/mint.humboldt.com.br\/de\/wp-json\/wp\/v2\/media\/1837"}],"wp:attachment":[{"href":"https:\/\/mint.humboldt.com.br\/de\/wp-json\/wp\/v2\/media?parent=1874"}],"wp:term":[{"taxonomy":"category","embeddable":true,"href":"https:\/\/mint.humboldt.com.br\/de\/wp-json\/wp\/v2\/categories?post=1874"},{"taxonomy":"post_tag","embeddable":true,"href":"https:\/\/mint.humboldt.com.br\/de\/wp-json\/wp\/v2\/tags?post=1874"}],"curies":[{"name":"wp","href":"https:\/\/api.w.org\/{rel}","templated":true}]}}