{"id":1879,"date":"2020-02-10T14:00:02","date_gmt":"2020-02-10T17:00:02","guid":{"rendered":"http:\/\/mint.humboldt.com.br\/?p=1879"},"modified":"2022-11-09T09:34:49","modified_gmt":"2022-11-09T12:34:49","slug":"sexualidade-do-individuo-a-sociedade","status":"publish","type":"post","link":"https:\/\/mint.humboldt.com.br\/de\/sexualidade-do-individuo-a-sociedade\/","title":{"rendered":"Sexualit\u00e4t: vom Einzelnen zur Gesellschaft"},"content":{"rendered":"<p><em>Lehrerin Bianca Silles<\/em><\/p>\n\n\n\n<p>Die Sch\u00fclerInnen untersuchen und diskutieren die menschliche Sexualit\u00e4t sowohl in ihren individuellen und biologischen Aspekten (Chromosomenbestimmung, Hormonfragen, Fortpflanzungssystem, iST usw.) als auch in ihrer gesellschaftlichen Auspr\u00e4gung (Stereotypen, geschlechtliche und sexuelle Orientierung, Ungleichheiten zwischen M\u00e4nnern und Frauen, Diskriminierung und Vorurteile usw.).<\/p>","protected":false},"excerpt":{"rendered":"<p>Lehrerin Bianca Silles<\/p>","protected":false},"author":1,"featured_media":1841,"comment_status":"open","ping_status":"open","sticky":false,"template":"","format":"standard","meta":{"_et_pb_use_builder":"","_et_pb_old_content":"","_et_gb_content_width":""},"categories":[39],"tags":[],"yoast_head":"<!-- This site is optimized with the Yoast SEO plugin v19.10 - https:\/\/yoast.com\/wordpress\/plugins\/seo\/ -->\n<title>Sexualidade: do indiv\u00edduo \u00e0 sociedade &bull; MINT \u2022 Humboldt - Die Deutsche Schule in S\u00e3o Paulo<\/title>\n<meta name=\"description\" content=\"A mat\u00e9ria aborda desde as transforma\u00e7\u00f5es no corpo durante a puberdade de um ponto de vista biol\u00f3gico a discutir as rela\u00e7\u00f5es de g\u00eanero na sociedade.\" \/>\n<meta name=\"robots\" content=\"index, follow, max-snippet:-1, max-image-preview:large, max-video-preview:-1\" \/>\n<link rel=\"canonical\" href=\"https:\/\/mint.humboldt.com.br\/de\/sexualidade-do-individuo-a-sociedade\/\" \/>\n<meta property=\"og:locale\" content=\"de_DE\" \/>\n<meta property=\"og:type\" content=\"article\" \/>\n<meta property=\"og:title\" content=\"Sexualidade: do indiv\u00edduo \u00e0 sociedade &bull; MINT \u2022 Humboldt - Die Deutsche Schule in S\u00e3o Paulo\" \/>\n<meta property=\"og:description\" content=\"A mat\u00e9ria aborda desde as transforma\u00e7\u00f5es no corpo durante a puberdade de um ponto de vista biol\u00f3gico a discutir as rela\u00e7\u00f5es de g\u00eanero na sociedade.\" \/>\n<meta property=\"og:url\" content=\"https:\/\/mint.humboldt.com.br\/de\/sexualidade-do-individuo-a-sociedade\/\" \/>\n<meta property=\"og:site_name\" content=\"MINT \u2022 Humboldt - Die Deutsche Schule in S\u00e3o Paulo\" \/>\n<meta property=\"article:published_time\" content=\"2020-02-10T17:00:02+00:00\" \/>\n<meta property=\"article:modified_time\" content=\"2022-11-09T12:34:49+00:00\" \/>\n<meta property=\"og:image\" content=\"https:\/\/mint.humboldt.com.br\/wp-content\/uploads\/2020\/02\/ofertas-especiais-sexualidade.jpg\" \/>\n\t<meta property=\"og:image:width\" content=\"300\" \/>\n\t<meta property=\"og:image:height\" content=\"300\" \/>\n\t<meta property=\"og:image:type\" content=\"image\/jpeg\" \/>\n<meta name=\"author\" content=\"Vila Criativa\" \/>\n<meta name=\"twitter:card\" content=\"summary_large_image\" \/>\n<meta name=\"twitter:label1\" content=\"Verfasst von\" \/>\n\t<meta name=\"twitter:data1\" content=\"Vila Criativa\" \/>\n<script type=\"application\/ld+json\" class=\"yoast-schema-graph\">{\"@context\":\"https:\/\/schema.org\",\"@graph\":[{\"@type\":\"Article\",\"@id\":\"https:\/\/mint.humboldt.com.br\/sexualidade-do-individuo-a-sociedade\/#article\",\"isPartOf\":{\"@id\":\"https:\/\/mint.humboldt.com.br\/sexualidade-do-individuo-a-sociedade\/\"},\"author\":{\"name\":\"Vila Criativa\",\"@id\":\"https:\/\/mint.humboldt.com.br\/#\/schema\/person\/f9f855ae25cb438200b4f6d49c346502\"},\"headline\":\"Sexualidade: do indiv\u00edduo \u00e0 sociedade\",\"datePublished\":\"2020-02-10T17:00:02+00:00\",\"dateModified\":\"2022-11-09T12:34:49+00:00\",\"mainEntityOfPage\":{\"@id\":\"https:\/\/mint.humboldt.com.br\/sexualidade-do-individuo-a-sociedade\/\"},\"wordCount\":60,\"commentCount\":0,\"publisher\":{\"@id\":\"https:\/\/mint.humboldt.com.br\/#organization\"},\"articleSection\":[\"Eletivas 2023\"],\"inLanguage\":\"de\",\"potentialAction\":[{\"@type\":\"CommentAction\",\"name\":\"Comment\",\"target\":[\"https:\/\/mint.humboldt.com.br\/sexualidade-do-individuo-a-sociedade\/#respond\"]}]},{\"@type\":\"WebPage\",\"@id\":\"https:\/\/mint.humboldt.com.br\/sexualidade-do-individuo-a-sociedade\/\",\"url\":\"https:\/\/mint.humboldt.com.br\/sexualidade-do-individuo-a-sociedade\/\",\"name\":\"Sexualidade: do indiv\u00edduo \u00e0 sociedade &bull; MINT \u2022 Humboldt - Die Deutsche Schule in S\u00e3o Paulo\",\"isPartOf\":{\"@id\":\"https:\/\/mint.humboldt.com.br\/#website\"},\"datePublished\":\"2020-02-10T17:00:02+00:00\",\"dateModified\":\"2022-11-09T12:34:49+00:00\",\"description\":\"A mat\u00e9ria aborda desde as transforma\u00e7\u00f5es no corpo durante a puberdade de um ponto de vista biol\u00f3gico a discutir as rela\u00e7\u00f5es de g\u00eanero na sociedade.\",\"breadcrumb\":{\"@id\":\"https:\/\/mint.humboldt.com.br\/sexualidade-do-individuo-a-sociedade\/#breadcrumb\"},\"inLanguage\":\"de\",\"potentialAction\":[{\"@type\":\"ReadAction\",\"target\":[\"https:\/\/mint.humboldt.com.br\/sexualidade-do-individuo-a-sociedade\/\"]}]},{\"@type\":\"BreadcrumbList\",\"@id\":\"https:\/\/mint.humboldt.com.br\/sexualidade-do-individuo-a-sociedade\/#breadcrumb\",\"itemListElement\":[{\"@type\":\"ListItem\",\"position\":1,\"name\":\"In\u00edcio\",\"item\":\"https:\/\/mint.humboldt.com.br\/\"},{\"@type\":\"ListItem\",\"position\":2,\"name\":\"Sexualidade: do indiv\u00edduo \u00e0 sociedade\"}]},{\"@type\":\"WebSite\",\"@id\":\"https:\/\/mint.humboldt.com.br\/#website\",\"url\":\"https:\/\/mint.humboldt.com.br\/\",\"name\":\"MINT \u2022 Humboldt - Die Deutsche Schule in S\u00e3o Paulo\",\"description\":\"\",\"publisher\":{\"@id\":\"https:\/\/mint.humboldt.com.br\/#organization\"},\"potentialAction\":[{\"@type\":\"SearchAction\",\"target\":{\"@type\":\"EntryPoint\",\"urlTemplate\":\"https:\/\/mint.humboldt.com.br\/?s={search_term_string}\"},\"query-input\":\"required name=search_term_string\"}],\"inLanguage\":\"de\"},{\"@type\":\"Organization\",\"@id\":\"https:\/\/mint.humboldt.com.br\/#organization\",\"name\":\"Humboldt - Die Deutsche Schule in S\u00e3o Paulo\",\"url\":\"https:\/\/mint.humboldt.com.br\/\",\"logo\":{\"@type\":\"ImageObject\",\"inLanguage\":\"de\",\"@id\":\"https:\/\/mint.humboldt.com.br\/#\/schema\/logo\/image\/\",\"url\":\"https:\/\/mint.humboldt.com.br\/wp-content\/uploads\/2019\/12\/humboldt-logo.svg\",\"contentUrl\":\"https:\/\/mint.humboldt.com.br\/wp-content\/uploads\/2019\/12\/humboldt-logo.svg\",\"caption\":\"Humboldt - Die Deutsche Schule in S\u00e3o Paulo\"},\"image\":{\"@id\":\"https:\/\/mint.humboldt.com.br\/#\/schema\/logo\/image\/\"}},{\"@type\":\"Person\",\"@id\":\"https:\/\/mint.humboldt.com.br\/#\/schema\/person\/f9f855ae25cb438200b4f6d49c346502\",\"name\":\"Vila Criativa\",\"image\":{\"@type\":\"ImageObject\",\"inLanguage\":\"de\",\"@id\":\"https:\/\/mint.humboldt.com.br\/#\/schema\/person\/image\/\",\"url\":\"https:\/\/secure.gravatar.com\/avatar\/b5110a6fdaa2baa543d00778ef669067?s=96&d=mm&r=g\",\"contentUrl\":\"https:\/\/secure.gravatar.com\/avatar\/b5110a6fdaa2baa543d00778ef669067?s=96&d=mm&r=g\",\"caption\":\"Vila Criativa\"},\"url\":\"https:\/\/mint.humboldt.com.br\/de\/author\/mint\/\"}]}<\/script>\n<!-- \/ Yoast SEO plugin. -->","yoast_head_json":{"title":"Sexualidade: do indiv\u00edduo \u00e0 sociedade &bull; MINT \u2022 Humboldt - Die Deutsche Schule in S\u00e3o Paulo","description":"A mat\u00e9ria aborda desde as transforma\u00e7\u00f5es no corpo durante a puberdade de um ponto de vista biol\u00f3gico a discutir as rela\u00e7\u00f5es de g\u00eanero na sociedade.","robots":{"index":"index","follow":"follow","max-snippet":"max-snippet:-1","max-image-preview":"max-image-preview:large","max-video-preview":"max-video-preview:-1"},"canonical":"https:\/\/mint.humboldt.com.br\/de\/sexualidade-do-individuo-a-sociedade\/","og_locale":"de_DE","og_type":"article","og_title":"Sexualidade: do indiv\u00edduo \u00e0 sociedade &bull; MINT \u2022 Humboldt - Die Deutsche Schule in S\u00e3o Paulo","og_description":"A mat\u00e9ria aborda desde as transforma\u00e7\u00f5es no corpo durante a puberdade de um ponto de vista biol\u00f3gico a discutir as rela\u00e7\u00f5es de g\u00eanero na sociedade.","og_url":"https:\/\/mint.humboldt.com.br\/de\/sexualidade-do-individuo-a-sociedade\/","og_site_name":"MINT \u2022 Humboldt - Die Deutsche Schule in S\u00e3o Paulo","article_published_time":"2020-02-10T17:00:02+00:00","article_modified_time":"2022-11-09T12:34:49+00:00","og_image":[{"width":300,"height":300,"url":"https:\/\/mint.humboldt.com.br\/wp-content\/uploads\/2020\/02\/ofertas-especiais-sexualidade.jpg","type":"image\/jpeg"}],"author":"Vila Criativa","twitter_card":"summary_large_image","twitter_misc":{"Verfasst von":"Vila Criativa"},"schema":{"@context":"https:\/\/schema.org","@graph":[{"@type":"Article","@id":"https:\/\/mint.humboldt.com.br\/sexualidade-do-individuo-a-sociedade\/#article","isPartOf":{"@id":"https:\/\/mint.humboldt.com.br\/sexualidade-do-individuo-a-sociedade\/"},"author":{"name":"Vila Criativa","@id":"https:\/\/mint.humboldt.com.br\/#\/schema\/person\/f9f855ae25cb438200b4f6d49c346502"},"headline":"Sexualidade: do indiv\u00edduo \u00e0 sociedade","datePublished":"2020-02-10T17:00:02+00:00","dateModified":"2022-11-09T12:34:49+00:00","mainEntityOfPage":{"@id":"https:\/\/mint.humboldt.com.br\/sexualidade-do-individuo-a-sociedade\/"},"wordCount":60,"commentCount":0,"publisher":{"@id":"https:\/\/mint.humboldt.com.br\/#organization"},"articleSection":["Eletivas 2023"],"inLanguage":"de","potentialAction":[{"@type":"CommentAction","name":"Comment","target":["https:\/\/mint.humboldt.com.br\/sexualidade-do-individuo-a-sociedade\/#respond"]}]},{"@type":"WebPage","@id":"https:\/\/mint.humboldt.com.br\/sexualidade-do-individuo-a-sociedade\/","url":"https:\/\/mint.humboldt.com.br\/sexualidade-do-individuo-a-sociedade\/","name":"Sexualidade: do indiv\u00edduo \u00e0 sociedade &bull; MINT \u2022 Humboldt - Die Deutsche Schule in S\u00e3o Paulo","isPartOf":{"@id":"https:\/\/mint.humboldt.com.br\/#website"},"datePublished":"2020-02-10T17:00:02+00:00","dateModified":"2022-11-09T12:34:49+00:00","description":"A mat\u00e9ria aborda desde as transforma\u00e7\u00f5es no corpo durante a puberdade de um ponto de vista biol\u00f3gico a discutir as rela\u00e7\u00f5es de g\u00eanero na sociedade.","breadcrumb":{"@id":"https:\/\/mint.humboldt.com.br\/sexualidade-do-individuo-a-sociedade\/#breadcrumb"},"inLanguage":"de","potentialAction":[{"@type":"ReadAction","target":["https:\/\/mint.humboldt.com.br\/sexualidade-do-individuo-a-sociedade\/"]}]},{"@type":"BreadcrumbList","@id":"https:\/\/mint.humboldt.com.br\/sexualidade-do-individuo-a-sociedade\/#breadcrumb","itemListElement":[{"@type":"ListItem","position":1,"name":"In\u00edcio","item":"https:\/\/mint.humboldt.com.br\/"},{"@type":"ListItem","position":2,"name":"Sexualidade: do indiv\u00edduo \u00e0 sociedade"}]},{"@type":"WebSite","@id":"https:\/\/mint.humboldt.com.br\/#website","url":"https:\/\/mint.humboldt.com.br\/","name":"MINT \u2022 Humboldt - Die Deutsche Schule in S\u00e3o Paulo","description":"","publisher":{"@id":"https:\/\/mint.humboldt.com.br\/#organization"},"potentialAction":[{"@type":"SearchAction","target":{"@type":"EntryPoint","urlTemplate":"https:\/\/mint.humboldt.com.br\/?s={search_term_string}"},"query-input":"required name=search_term_string"}],"inLanguage":"de"},{"@type":"Organization","@id":"https:\/\/mint.humboldt.com.br\/#organization","name":"Humboldt - Die Deutsche Schule in S\u00e3o Paulo","url":"https:\/\/mint.humboldt.com.br\/","logo":{"@type":"ImageObject","inLanguage":"de","@id":"https:\/\/mint.humboldt.com.br\/#\/schema\/logo\/image\/","url":"https:\/\/mint.humboldt.com.br\/wp-content\/uploads\/2019\/12\/humboldt-logo.svg","contentUrl":"https:\/\/mint.humboldt.com.br\/wp-content\/uploads\/2019\/12\/humboldt-logo.svg","caption":"Humboldt - Die Deutsche Schule in S\u00e3o Paulo"},"image":{"@id":"https:\/\/mint.humboldt.com.br\/#\/schema\/logo\/image\/"}},{"@type":"Person","@id":"https:\/\/mint.humboldt.com.br\/#\/schema\/person\/f9f855ae25cb438200b4f6d49c346502","name":"Vila Criativa","image":{"@type":"ImageObject","inLanguage":"de","@id":"https:\/\/mint.humboldt.com.br\/#\/schema\/person\/image\/","url":"https:\/\/secure.gravatar.com\/avatar\/b5110a6fdaa2baa543d00778ef669067?s=96&d=mm&r=g","contentUrl":"https:\/\/secure.gravatar.com\/avatar\/b5110a6fdaa2baa543d00778ef669067?s=96&d=mm&r=g","caption":"Vila Criativa"},"url":"https:\/\/mint.humboldt.com.br\/de\/author\/mint\/"}]}},"_links":{"self":[{"href":"https:\/\/mint.humboldt.com.br\/de\/wp-json\/wp\/v2\/posts\/1879"}],"collection":[{"href":"https:\/\/mint.humboldt.com.br\/de\/wp-json\/wp\/v2\/posts"}],"about":[{"href":"https:\/\/mint.humboldt.com.br\/de\/wp-json\/wp\/v2\/types\/post"}],"author":[{"embeddable":true,"href":"https:\/\/mint.humboldt.com.br\/de\/wp-json\/wp\/v2\/users\/1"}],"replies":[{"embeddable":true,"href":"https:\/\/mint.humboldt.com.br\/de\/wp-json\/wp\/v2\/comments?post=1879"}],"version-history":[{"count":3,"href":"https:\/\/mint.humboldt.com.br\/de\/wp-json\/wp\/v2\/posts\/1879\/revisions"}],"predecessor-version":[{"id":2549,"href":"https:\/\/mint.humboldt.com.br\/de\/wp-json\/wp\/v2\/posts\/1879\/revisions\/2549"}],"wp:featuredmedia":[{"embeddable":true,"href":"https:\/\/mint.humboldt.com.br\/de\/wp-json\/wp\/v2\/media\/1841"}],"wp:attachment":[{"href":"https:\/\/mint.humboldt.com.br\/de\/wp-json\/wp\/v2\/media?parent=1879"}],"wp:term":[{"taxonomy":"category","embeddable":true,"href":"https:\/\/mint.humboldt.com.br\/de\/wp-json\/wp\/v2\/categories?post=1879"},{"taxonomy":"post_tag","embeddable":true,"href":"https:\/\/mint.humboldt.com.br\/de\/wp-json\/wp\/v2\/tags?post=1879"}],"curies":[{"name":"wp","href":"https:\/\/api.w.org\/{rel}","templated":true}]}}