{"id":2570,"date":"2022-11-09T10:14:13","date_gmt":"2022-11-09T13:14:13","guid":{"rendered":"https:\/\/mint.humboldt.com.br\/?p=2570"},"modified":"2022-11-09T15:26:24","modified_gmt":"2022-11-09T18:26:24","slug":"ondas-e-acustica","status":"publish","type":"post","link":"https:\/\/mint.humboldt.com.br\/de\/ondas-e-acustica\/","title":{"rendered":"Wellen und Akustik"},"content":{"rendered":"<p><em>Lehrerin Iv\u00e2nia Oliveira<\/em><\/p>\n\n\n\n<p>Der Kurs zielt darauf ab, die Wellenphysik mit der Akustik (Musik) zu verbinden. Zu diesem Zweck werden wir uns in Wellen mit den Konzepten von Wellen, ihrer Natur, ihrer Dimensionalit\u00e4t, ihren Eigenschaften und den nat\u00fcrlichen Ph\u00e4nomenen, an denen sie beteiligt sind, sowie mit ihrer Anwendung in den Bereichen Physiologie, Kommunikation, Medizin und Musik befassen. In der Akustik werden wir die Konzepte der Klangfarbe, der Tonh\u00f6he, des Ultraschalls, des Infraschalls, der stehenden Wellen, des Studiums der schwingenden Saiten und der Schallschl\u00e4uche entwickeln. Der Unterricht setzt sich aus Vorlesungen, experimentellem Unterricht, dem Einsatz von Videos, Animationen und Simulatoren zusammen.<\/p>","protected":false},"excerpt":{"rendered":"<p>Lehrerin Iv\u00e2nia Oliveira<\/p>","protected":false},"author":1,"featured_media":2600,"comment_status":"open","ping_status":"open","sticky":false,"template":"","format":"standard","meta":{"_et_pb_use_builder":"","_et_pb_old_content":"","_et_gb_content_width":""},"categories":[39],"tags":[],"yoast_head":"<!-- This site is optimized with the Yoast SEO plugin v19.10 - https:\/\/yoast.com\/wordpress\/plugins\/seo\/ -->\n<title>Ondas e Ac\u00fastica &bull; MINT \u2022 Humboldt - Die Deutsche Schule in S\u00e3o Paulo<\/title>\n<meta name=\"robots\" content=\"index, follow, max-snippet:-1, max-image-preview:large, max-video-preview:-1\" \/>\n<link rel=\"canonical\" href=\"https:\/\/mint.humboldt.com.br\/de\/ondas-e-acustica\/\" \/>\n<meta property=\"og:locale\" content=\"de_DE\" \/>\n<meta property=\"og:type\" content=\"article\" \/>\n<meta property=\"og:title\" content=\"Ondas e Ac\u00fastica &bull; MINT \u2022 Humboldt - Die Deutsche Schule in S\u00e3o Paulo\" \/>\n<meta property=\"og:description\" content=\"Professora Iv\u00e2nia Oliveira\" \/>\n<meta property=\"og:url\" content=\"https:\/\/mint.humboldt.com.br\/de\/ondas-e-acustica\/\" \/>\n<meta property=\"og:site_name\" content=\"MINT \u2022 Humboldt - Die Deutsche Schule in S\u00e3o Paulo\" \/>\n<meta property=\"article:published_time\" content=\"2022-11-09T13:14:13+00:00\" \/>\n<meta property=\"article:modified_time\" content=\"2022-11-09T18:26:24+00:00\" \/>\n<meta property=\"og:image\" content=\"https:\/\/mint.humboldt.com.br\/wp-content\/uploads\/2022\/11\/ondas7-e1668018377926.jpg\" \/>\n\t<meta property=\"og:image:width\" content=\"469\" \/>\n\t<meta property=\"og:image:height\" content=\"469\" \/>\n\t<meta property=\"og:image:type\" content=\"image\/jpeg\" \/>\n<meta name=\"author\" content=\"Vila Criativa\" \/>\n<meta name=\"twitter:card\" content=\"summary_large_image\" \/>\n<meta name=\"twitter:label1\" content=\"Verfasst von\" \/>\n\t<meta name=\"twitter:data1\" content=\"Vila Criativa\" \/>\n\t<meta name=\"twitter:label2\" content=\"Gesch\u00e4tzte Lesezeit\" \/>\n\t<meta name=\"twitter:data2\" content=\"1\u00a0Minute\" \/>\n<script type=\"application\/ld+json\" class=\"yoast-schema-graph\">{\"@context\":\"https:\/\/schema.org\",\"@graph\":[{\"@type\":\"Article\",\"@id\":\"https:\/\/mint.humboldt.com.br\/ondas-e-acustica\/#article\",\"isPartOf\":{\"@id\":\"https:\/\/mint.humboldt.com.br\/ondas-e-acustica\/\"},\"author\":{\"name\":\"Vila Criativa\",\"@id\":\"https:\/\/mint.humboldt.com.br\/#\/schema\/person\/f9f855ae25cb438200b4f6d49c346502\"},\"headline\":\"Ondas e Ac\u00fastica\",\"datePublished\":\"2022-11-09T13:14:13+00:00\",\"dateModified\":\"2022-11-09T18:26:24+00:00\",\"mainEntityOfPage\":{\"@id\":\"https:\/\/mint.humboldt.com.br\/ondas-e-acustica\/\"},\"wordCount\":107,\"commentCount\":0,\"publisher\":{\"@id\":\"https:\/\/mint.humboldt.com.br\/#organization\"},\"articleSection\":[\"Eletivas 2023\"],\"inLanguage\":\"de\",\"potentialAction\":[{\"@type\":\"CommentAction\",\"name\":\"Comment\",\"target\":[\"https:\/\/mint.humboldt.com.br\/ondas-e-acustica\/#respond\"]}]},{\"@type\":\"WebPage\",\"@id\":\"https:\/\/mint.humboldt.com.br\/ondas-e-acustica\/\",\"url\":\"https:\/\/mint.humboldt.com.br\/ondas-e-acustica\/\",\"name\":\"Ondas e Ac\u00fastica &bull; MINT \u2022 Humboldt - Die Deutsche Schule in S\u00e3o Paulo\",\"isPartOf\":{\"@id\":\"https:\/\/mint.humboldt.com.br\/#website\"},\"datePublished\":\"2022-11-09T13:14:13+00:00\",\"dateModified\":\"2022-11-09T18:26:24+00:00\",\"breadcrumb\":{\"@id\":\"https:\/\/mint.humboldt.com.br\/ondas-e-acustica\/#breadcrumb\"},\"inLanguage\":\"de\",\"potentialAction\":[{\"@type\":\"ReadAction\",\"target\":[\"https:\/\/mint.humboldt.com.br\/ondas-e-acustica\/\"]}]},{\"@type\":\"BreadcrumbList\",\"@id\":\"https:\/\/mint.humboldt.com.br\/ondas-e-acustica\/#breadcrumb\",\"itemListElement\":[{\"@type\":\"ListItem\",\"position\":1,\"name\":\"In\u00edcio\",\"item\":\"https:\/\/mint.humboldt.com.br\/\"},{\"@type\":\"ListItem\",\"position\":2,\"name\":\"Ondas e Ac\u00fastica\"}]},{\"@type\":\"WebSite\",\"@id\":\"https:\/\/mint.humboldt.com.br\/#website\",\"url\":\"https:\/\/mint.humboldt.com.br\/\",\"name\":\"MINT \u2022 Humboldt - Die Deutsche Schule in S\u00e3o Paulo\",\"description\":\"\",\"publisher\":{\"@id\":\"https:\/\/mint.humboldt.com.br\/#organization\"},\"potentialAction\":[{\"@type\":\"SearchAction\",\"target\":{\"@type\":\"EntryPoint\",\"urlTemplate\":\"https:\/\/mint.humboldt.com.br\/?s={search_term_string}\"},\"query-input\":\"required name=search_term_string\"}],\"inLanguage\":\"de\"},{\"@type\":\"Organization\",\"@id\":\"https:\/\/mint.humboldt.com.br\/#organization\",\"name\":\"Humboldt - Die Deutsche Schule in S\u00e3o Paulo\",\"url\":\"https:\/\/mint.humboldt.com.br\/\",\"logo\":{\"@type\":\"ImageObject\",\"inLanguage\":\"de\",\"@id\":\"https:\/\/mint.humboldt.com.br\/#\/schema\/logo\/image\/\",\"url\":\"https:\/\/mint.humboldt.com.br\/wp-content\/uploads\/2019\/12\/humboldt-logo.svg\",\"contentUrl\":\"https:\/\/mint.humboldt.com.br\/wp-content\/uploads\/2019\/12\/humboldt-logo.svg\",\"caption\":\"Humboldt - Die Deutsche Schule in S\u00e3o Paulo\"},\"image\":{\"@id\":\"https:\/\/mint.humboldt.com.br\/#\/schema\/logo\/image\/\"}},{\"@type\":\"Person\",\"@id\":\"https:\/\/mint.humboldt.com.br\/#\/schema\/person\/f9f855ae25cb438200b4f6d49c346502\",\"name\":\"Vila Criativa\",\"image\":{\"@type\":\"ImageObject\",\"inLanguage\":\"de\",\"@id\":\"https:\/\/mint.humboldt.com.br\/#\/schema\/person\/image\/\",\"url\":\"https:\/\/secure.gravatar.com\/avatar\/b5110a6fdaa2baa543d00778ef669067?s=96&d=mm&r=g\",\"contentUrl\":\"https:\/\/secure.gravatar.com\/avatar\/b5110a6fdaa2baa543d00778ef669067?s=96&d=mm&r=g\",\"caption\":\"Vila Criativa\"},\"url\":\"https:\/\/mint.humboldt.com.br\/de\/author\/mint\/\"}]}<\/script>\n<!-- \/ Yoast SEO plugin. -->","yoast_head_json":{"title":"Ondas e Ac\u00fastica &bull; MINT \u2022 Humboldt - Die Deutsche Schule in S\u00e3o Paulo","robots":{"index":"index","follow":"follow","max-snippet":"max-snippet:-1","max-image-preview":"max-image-preview:large","max-video-preview":"max-video-preview:-1"},"canonical":"https:\/\/mint.humboldt.com.br\/de\/ondas-e-acustica\/","og_locale":"de_DE","og_type":"article","og_title":"Ondas e Ac\u00fastica &bull; MINT \u2022 Humboldt - Die Deutsche Schule in S\u00e3o Paulo","og_description":"Professora Iv\u00e2nia Oliveira","og_url":"https:\/\/mint.humboldt.com.br\/de\/ondas-e-acustica\/","og_site_name":"MINT \u2022 Humboldt - Die Deutsche Schule in S\u00e3o Paulo","article_published_time":"2022-11-09T13:14:13+00:00","article_modified_time":"2022-11-09T18:26:24+00:00","og_image":[{"width":469,"height":469,"url":"https:\/\/mint.humboldt.com.br\/wp-content\/uploads\/2022\/11\/ondas7-e1668018377926.jpg","type":"image\/jpeg"}],"author":"Vila Criativa","twitter_card":"summary_large_image","twitter_misc":{"Verfasst von":"Vila Criativa","Gesch\u00e4tzte Lesezeit":"1\u00a0Minute"},"schema":{"@context":"https:\/\/schema.org","@graph":[{"@type":"Article","@id":"https:\/\/mint.humboldt.com.br\/ondas-e-acustica\/#article","isPartOf":{"@id":"https:\/\/mint.humboldt.com.br\/ondas-e-acustica\/"},"author":{"name":"Vila Criativa","@id":"https:\/\/mint.humboldt.com.br\/#\/schema\/person\/f9f855ae25cb438200b4f6d49c346502"},"headline":"Ondas e Ac\u00fastica","datePublished":"2022-11-09T13:14:13+00:00","dateModified":"2022-11-09T18:26:24+00:00","mainEntityOfPage":{"@id":"https:\/\/mint.humboldt.com.br\/ondas-e-acustica\/"},"wordCount":107,"commentCount":0,"publisher":{"@id":"https:\/\/mint.humboldt.com.br\/#organization"},"articleSection":["Eletivas 2023"],"inLanguage":"de","potentialAction":[{"@type":"CommentAction","name":"Comment","target":["https:\/\/mint.humboldt.com.br\/ondas-e-acustica\/#respond"]}]},{"@type":"WebPage","@id":"https:\/\/mint.humboldt.com.br\/ondas-e-acustica\/","url":"https:\/\/mint.humboldt.com.br\/ondas-e-acustica\/","name":"Ondas e Ac\u00fastica &bull; MINT \u2022 Humboldt - Die Deutsche Schule in S\u00e3o Paulo","isPartOf":{"@id":"https:\/\/mint.humboldt.com.br\/#website"},"datePublished":"2022-11-09T13:14:13+00:00","dateModified":"2022-11-09T18:26:24+00:00","breadcrumb":{"@id":"https:\/\/mint.humboldt.com.br\/ondas-e-acustica\/#breadcrumb"},"inLanguage":"de","potentialAction":[{"@type":"ReadAction","target":["https:\/\/mint.humboldt.com.br\/ondas-e-acustica\/"]}]},{"@type":"BreadcrumbList","@id":"https:\/\/mint.humboldt.com.br\/ondas-e-acustica\/#breadcrumb","itemListElement":[{"@type":"ListItem","position":1,"name":"In\u00edcio","item":"https:\/\/mint.humboldt.com.br\/"},{"@type":"ListItem","position":2,"name":"Ondas e Ac\u00fastica"}]},{"@type":"WebSite","@id":"https:\/\/mint.humboldt.com.br\/#website","url":"https:\/\/mint.humboldt.com.br\/","name":"MINT \u2022 Humboldt - Die Deutsche Schule in S\u00e3o Paulo","description":"","publisher":{"@id":"https:\/\/mint.humboldt.com.br\/#organization"},"potentialAction":[{"@type":"SearchAction","target":{"@type":"EntryPoint","urlTemplate":"https:\/\/mint.humboldt.com.br\/?s={search_term_string}"},"query-input":"required name=search_term_string"}],"inLanguage":"de"},{"@type":"Organization","@id":"https:\/\/mint.humboldt.com.br\/#organization","name":"Humboldt - Die Deutsche Schule in S\u00e3o Paulo","url":"https:\/\/mint.humboldt.com.br\/","logo":{"@type":"ImageObject","inLanguage":"de","@id":"https:\/\/mint.humboldt.com.br\/#\/schema\/logo\/image\/","url":"https:\/\/mint.humboldt.com.br\/wp-content\/uploads\/2019\/12\/humboldt-logo.svg","contentUrl":"https:\/\/mint.humboldt.com.br\/wp-content\/uploads\/2019\/12\/humboldt-logo.svg","caption":"Humboldt - Die Deutsche Schule in S\u00e3o Paulo"},"image":{"@id":"https:\/\/mint.humboldt.com.br\/#\/schema\/logo\/image\/"}},{"@type":"Person","@id":"https:\/\/mint.humboldt.com.br\/#\/schema\/person\/f9f855ae25cb438200b4f6d49c346502","name":"Vila Criativa","image":{"@type":"ImageObject","inLanguage":"de","@id":"https:\/\/mint.humboldt.com.br\/#\/schema\/person\/image\/","url":"https:\/\/secure.gravatar.com\/avatar\/b5110a6fdaa2baa543d00778ef669067?s=96&d=mm&r=g","contentUrl":"https:\/\/secure.gravatar.com\/avatar\/b5110a6fdaa2baa543d00778ef669067?s=96&d=mm&r=g","caption":"Vila Criativa"},"url":"https:\/\/mint.humboldt.com.br\/de\/author\/mint\/"}]}},"_links":{"self":[{"href":"https:\/\/mint.humboldt.com.br\/de\/wp-json\/wp\/v2\/posts\/2570"}],"collection":[{"href":"https:\/\/mint.humboldt.com.br\/de\/wp-json\/wp\/v2\/posts"}],"about":[{"href":"https:\/\/mint.humboldt.com.br\/de\/wp-json\/wp\/v2\/types\/post"}],"author":[{"embeddable":true,"href":"https:\/\/mint.humboldt.com.br\/de\/wp-json\/wp\/v2\/users\/1"}],"replies":[{"embeddable":true,"href":"https:\/\/mint.humboldt.com.br\/de\/wp-json\/wp\/v2\/comments?post=2570"}],"version-history":[{"count":1,"href":"https:\/\/mint.humboldt.com.br\/de\/wp-json\/wp\/v2\/posts\/2570\/revisions"}],"predecessor-version":[{"id":2571,"href":"https:\/\/mint.humboldt.com.br\/de\/wp-json\/wp\/v2\/posts\/2570\/revisions\/2571"}],"wp:featuredmedia":[{"embeddable":true,"href":"https:\/\/mint.humboldt.com.br\/de\/wp-json\/wp\/v2\/media\/2600"}],"wp:attachment":[{"href":"https:\/\/mint.humboldt.com.br\/de\/wp-json\/wp\/v2\/media?parent=2570"}],"wp:term":[{"taxonomy":"category","embeddable":true,"href":"https:\/\/mint.humboldt.com.br\/de\/wp-json\/wp\/v2\/categories?post=2570"},{"taxonomy":"post_tag","embeddable":true,"href":"https:\/\/mint.humboldt.com.br\/de\/wp-json\/wp\/v2\/tags?post=2570"}],"curies":[{"name":"wp","href":"https:\/\/api.w.org\/{rel}","templated":true}]}}