{"id":2591,"date":"2022-11-09T14:24:16","date_gmt":"2022-11-09T17:24:16","guid":{"rendered":"https:\/\/mint.humboldt.com.br\/?p=2591"},"modified":"2022-11-09T15:51:23","modified_gmt":"2022-11-09T18:51:23","slug":"termodinamica-e-a-invencao-das-maquinas-termicas","status":"publish","type":"post","link":"https:\/\/mint.humboldt.com.br\/de\/termodinamica-e-a-invencao-das-maquinas-termicas\/","title":{"rendered":"Thermodynamik und die Erfindung der W\u00e4rmekraftmaschinen"},"content":{"rendered":"<p><em>Lehrerin Iv\u00e2nia Oliveira<\/em><\/p>\n\n\n\n<p>Ziel des Kurses ist es, die Anwendung der Gesetze der Thermodynamik beim Betrieb von W\u00e4rmekraftmaschinen zu zeigen. Dazu wird eine historische Kontextualisierung des Verbesserungsbedarfs von Maschinen vorgenommen, wobei die Inhalte perfekte Gase, Gasumwandlungen, innere Energie, Gesetze der Thermodynamik und Umwandlung von W\u00e4rmeenergie in Arbeit angesprochen werden. Der Unterricht setzt sich aus Vorlesungen, experimentellem Unterricht, dem Einsatz von Videos, Animationen und Simulatoren zusammen.<\/p>","protected":false},"excerpt":{"rendered":"<p>Lehrerin Iv\u00e2nia Oliveira<\/p>","protected":false},"author":1,"featured_media":2607,"comment_status":"open","ping_status":"open","sticky":false,"template":"","format":"standard","meta":{"_et_pb_use_builder":"","_et_pb_old_content":"","_et_gb_content_width":""},"categories":[39],"tags":[],"yoast_head":"<!-- This site is optimized with the Yoast SEO plugin v19.10 - https:\/\/yoast.com\/wordpress\/plugins\/seo\/ -->\n<title>Termodin\u00e2mica e a inven\u00e7\u00e3o das m\u00e1quinas t\u00e9rmicas &bull; MINT \u2022 Humboldt - Die Deutsche Schule in S\u00e3o Paulo<\/title>\n<meta name=\"robots\" content=\"index, follow, max-snippet:-1, max-image-preview:large, max-video-preview:-1\" \/>\n<link rel=\"canonical\" href=\"https:\/\/mint.humboldt.com.br\/de\/termodinamica-e-a-invencao-das-maquinas-termicas\/\" \/>\n<meta property=\"og:locale\" content=\"de_DE\" \/>\n<meta property=\"og:type\" content=\"article\" \/>\n<meta property=\"og:title\" content=\"Termodin\u00e2mica e a inven\u00e7\u00e3o das m\u00e1quinas t\u00e9rmicas &bull; MINT \u2022 Humboldt - Die Deutsche Schule in S\u00e3o Paulo\" \/>\n<meta property=\"og:description\" content=\"Professora Iv\u00e2nia Oliveira\" \/>\n<meta property=\"og:url\" content=\"https:\/\/mint.humboldt.com.br\/de\/termodinamica-e-a-invencao-das-maquinas-termicas\/\" \/>\n<meta property=\"og:site_name\" content=\"MINT \u2022 Humboldt - Die Deutsche Schule in S\u00e3o Paulo\" \/>\n<meta property=\"article:published_time\" content=\"2022-11-09T17:24:16+00:00\" \/>\n<meta property=\"article:modified_time\" content=\"2022-11-09T18:51:23+00:00\" \/>\n<meta property=\"og:image\" content=\"https:\/\/mint.humboldt.com.br\/wp-content\/uploads\/2022\/11\/Termodinamica-e1668019874971.jpg\" \/>\n\t<meta property=\"og:image:width\" content=\"801\" \/>\n\t<meta property=\"og:image:height\" content=\"801\" \/>\n\t<meta property=\"og:image:type\" content=\"image\/jpeg\" \/>\n<meta name=\"author\" content=\"Vila Criativa\" \/>\n<meta name=\"twitter:card\" content=\"summary_large_image\" \/>\n<meta name=\"twitter:label1\" content=\"Verfasst von\" \/>\n\t<meta name=\"twitter:data1\" content=\"Vila Criativa\" \/>\n<script type=\"application\/ld+json\" class=\"yoast-schema-graph\">{\"@context\":\"https:\/\/schema.org\",\"@graph\":[{\"@type\":\"Article\",\"@id\":\"https:\/\/mint.humboldt.com.br\/termodinamica-e-a-invencao-das-maquinas-termicas\/#article\",\"isPartOf\":{\"@id\":\"https:\/\/mint.humboldt.com.br\/termodinamica-e-a-invencao-das-maquinas-termicas\/\"},\"author\":{\"name\":\"Vila Criativa\",\"@id\":\"https:\/\/mint.humboldt.com.br\/#\/schema\/person\/f9f855ae25cb438200b4f6d49c346502\"},\"headline\":\"Termodin\u00e2mica e a inven\u00e7\u00e3o das m\u00e1quinas t\u00e9rmicas\",\"datePublished\":\"2022-11-09T17:24:16+00:00\",\"dateModified\":\"2022-11-09T18:51:23+00:00\",\"mainEntityOfPage\":{\"@id\":\"https:\/\/mint.humboldt.com.br\/termodinamica-e-a-invencao-das-maquinas-termicas\/\"},\"wordCount\":96,\"commentCount\":0,\"publisher\":{\"@id\":\"https:\/\/mint.humboldt.com.br\/#organization\"},\"articleSection\":[\"Eletivas 2023\"],\"inLanguage\":\"de\",\"potentialAction\":[{\"@type\":\"CommentAction\",\"name\":\"Comment\",\"target\":[\"https:\/\/mint.humboldt.com.br\/termodinamica-e-a-invencao-das-maquinas-termicas\/#respond\"]}]},{\"@type\":\"WebPage\",\"@id\":\"https:\/\/mint.humboldt.com.br\/termodinamica-e-a-invencao-das-maquinas-termicas\/\",\"url\":\"https:\/\/mint.humboldt.com.br\/termodinamica-e-a-invencao-das-maquinas-termicas\/\",\"name\":\"Termodin\u00e2mica e a inven\u00e7\u00e3o das m\u00e1quinas t\u00e9rmicas &bull; MINT \u2022 Humboldt - Die Deutsche Schule in S\u00e3o Paulo\",\"isPartOf\":{\"@id\":\"https:\/\/mint.humboldt.com.br\/#website\"},\"datePublished\":\"2022-11-09T17:24:16+00:00\",\"dateModified\":\"2022-11-09T18:51:23+00:00\",\"breadcrumb\":{\"@id\":\"https:\/\/mint.humboldt.com.br\/termodinamica-e-a-invencao-das-maquinas-termicas\/#breadcrumb\"},\"inLanguage\":\"de\",\"potentialAction\":[{\"@type\":\"ReadAction\",\"target\":[\"https:\/\/mint.humboldt.com.br\/termodinamica-e-a-invencao-das-maquinas-termicas\/\"]}]},{\"@type\":\"BreadcrumbList\",\"@id\":\"https:\/\/mint.humboldt.com.br\/termodinamica-e-a-invencao-das-maquinas-termicas\/#breadcrumb\",\"itemListElement\":[{\"@type\":\"ListItem\",\"position\":1,\"name\":\"In\u00edcio\",\"item\":\"https:\/\/mint.humboldt.com.br\/\"},{\"@type\":\"ListItem\",\"position\":2,\"name\":\"Termodin\u00e2mica e a inven\u00e7\u00e3o das m\u00e1quinas t\u00e9rmicas\"}]},{\"@type\":\"WebSite\",\"@id\":\"https:\/\/mint.humboldt.com.br\/#website\",\"url\":\"https:\/\/mint.humboldt.com.br\/\",\"name\":\"MINT \u2022 Humboldt - Die Deutsche Schule in S\u00e3o Paulo\",\"description\":\"\",\"publisher\":{\"@id\":\"https:\/\/mint.humboldt.com.br\/#organization\"},\"potentialAction\":[{\"@type\":\"SearchAction\",\"target\":{\"@type\":\"EntryPoint\",\"urlTemplate\":\"https:\/\/mint.humboldt.com.br\/?s={search_term_string}\"},\"query-input\":\"required name=search_term_string\"}],\"inLanguage\":\"de\"},{\"@type\":\"Organization\",\"@id\":\"https:\/\/mint.humboldt.com.br\/#organization\",\"name\":\"Humboldt - Die Deutsche Schule in S\u00e3o Paulo\",\"url\":\"https:\/\/mint.humboldt.com.br\/\",\"logo\":{\"@type\":\"ImageObject\",\"inLanguage\":\"de\",\"@id\":\"https:\/\/mint.humboldt.com.br\/#\/schema\/logo\/image\/\",\"url\":\"https:\/\/mint.humboldt.com.br\/wp-content\/uploads\/2019\/12\/humboldt-logo.svg\",\"contentUrl\":\"https:\/\/mint.humboldt.com.br\/wp-content\/uploads\/2019\/12\/humboldt-logo.svg\",\"caption\":\"Humboldt - Die Deutsche Schule in S\u00e3o Paulo\"},\"image\":{\"@id\":\"https:\/\/mint.humboldt.com.br\/#\/schema\/logo\/image\/\"}},{\"@type\":\"Person\",\"@id\":\"https:\/\/mint.humboldt.com.br\/#\/schema\/person\/f9f855ae25cb438200b4f6d49c346502\",\"name\":\"Vila Criativa\",\"image\":{\"@type\":\"ImageObject\",\"inLanguage\":\"de\",\"@id\":\"https:\/\/mint.humboldt.com.br\/#\/schema\/person\/image\/\",\"url\":\"https:\/\/secure.gravatar.com\/avatar\/b5110a6fdaa2baa543d00778ef669067?s=96&d=mm&r=g\",\"contentUrl\":\"https:\/\/secure.gravatar.com\/avatar\/b5110a6fdaa2baa543d00778ef669067?s=96&d=mm&r=g\",\"caption\":\"Vila Criativa\"},\"url\":\"https:\/\/mint.humboldt.com.br\/de\/author\/mint\/\"}]}<\/script>\n<!-- \/ Yoast SEO plugin. -->","yoast_head_json":{"title":"Termodin\u00e2mica e a inven\u00e7\u00e3o das m\u00e1quinas t\u00e9rmicas &bull; MINT \u2022 Humboldt - Die Deutsche Schule in S\u00e3o Paulo","robots":{"index":"index","follow":"follow","max-snippet":"max-snippet:-1","max-image-preview":"max-image-preview:large","max-video-preview":"max-video-preview:-1"},"canonical":"https:\/\/mint.humboldt.com.br\/de\/termodinamica-e-a-invencao-das-maquinas-termicas\/","og_locale":"de_DE","og_type":"article","og_title":"Termodin\u00e2mica e a inven\u00e7\u00e3o das m\u00e1quinas t\u00e9rmicas &bull; MINT \u2022 Humboldt - Die Deutsche Schule in S\u00e3o Paulo","og_description":"Professora Iv\u00e2nia Oliveira","og_url":"https:\/\/mint.humboldt.com.br\/de\/termodinamica-e-a-invencao-das-maquinas-termicas\/","og_site_name":"MINT \u2022 Humboldt - Die Deutsche Schule in S\u00e3o Paulo","article_published_time":"2022-11-09T17:24:16+00:00","article_modified_time":"2022-11-09T18:51:23+00:00","og_image":[{"width":801,"height":801,"url":"https:\/\/mint.humboldt.com.br\/wp-content\/uploads\/2022\/11\/Termodinamica-e1668019874971.jpg","type":"image\/jpeg"}],"author":"Vila Criativa","twitter_card":"summary_large_image","twitter_misc":{"Verfasst von":"Vila Criativa"},"schema":{"@context":"https:\/\/schema.org","@graph":[{"@type":"Article","@id":"https:\/\/mint.humboldt.com.br\/termodinamica-e-a-invencao-das-maquinas-termicas\/#article","isPartOf":{"@id":"https:\/\/mint.humboldt.com.br\/termodinamica-e-a-invencao-das-maquinas-termicas\/"},"author":{"name":"Vila Criativa","@id":"https:\/\/mint.humboldt.com.br\/#\/schema\/person\/f9f855ae25cb438200b4f6d49c346502"},"headline":"Termodin\u00e2mica e a inven\u00e7\u00e3o das m\u00e1quinas t\u00e9rmicas","datePublished":"2022-11-09T17:24:16+00:00","dateModified":"2022-11-09T18:51:23+00:00","mainEntityOfPage":{"@id":"https:\/\/mint.humboldt.com.br\/termodinamica-e-a-invencao-das-maquinas-termicas\/"},"wordCount":96,"commentCount":0,"publisher":{"@id":"https:\/\/mint.humboldt.com.br\/#organization"},"articleSection":["Eletivas 2023"],"inLanguage":"de","potentialAction":[{"@type":"CommentAction","name":"Comment","target":["https:\/\/mint.humboldt.com.br\/termodinamica-e-a-invencao-das-maquinas-termicas\/#respond"]}]},{"@type":"WebPage","@id":"https:\/\/mint.humboldt.com.br\/termodinamica-e-a-invencao-das-maquinas-termicas\/","url":"https:\/\/mint.humboldt.com.br\/termodinamica-e-a-invencao-das-maquinas-termicas\/","name":"Termodin\u00e2mica e a inven\u00e7\u00e3o das m\u00e1quinas t\u00e9rmicas &bull; MINT \u2022 Humboldt - Die Deutsche Schule in S\u00e3o Paulo","isPartOf":{"@id":"https:\/\/mint.humboldt.com.br\/#website"},"datePublished":"2022-11-09T17:24:16+00:00","dateModified":"2022-11-09T18:51:23+00:00","breadcrumb":{"@id":"https:\/\/mint.humboldt.com.br\/termodinamica-e-a-invencao-das-maquinas-termicas\/#breadcrumb"},"inLanguage":"de","potentialAction":[{"@type":"ReadAction","target":["https:\/\/mint.humboldt.com.br\/termodinamica-e-a-invencao-das-maquinas-termicas\/"]}]},{"@type":"BreadcrumbList","@id":"https:\/\/mint.humboldt.com.br\/termodinamica-e-a-invencao-das-maquinas-termicas\/#breadcrumb","itemListElement":[{"@type":"ListItem","position":1,"name":"In\u00edcio","item":"https:\/\/mint.humboldt.com.br\/"},{"@type":"ListItem","position":2,"name":"Termodin\u00e2mica e a inven\u00e7\u00e3o das m\u00e1quinas t\u00e9rmicas"}]},{"@type":"WebSite","@id":"https:\/\/mint.humboldt.com.br\/#website","url":"https:\/\/mint.humboldt.com.br\/","name":"MINT \u2022 Humboldt - Die Deutsche Schule in S\u00e3o Paulo","description":"","publisher":{"@id":"https:\/\/mint.humboldt.com.br\/#organization"},"potentialAction":[{"@type":"SearchAction","target":{"@type":"EntryPoint","urlTemplate":"https:\/\/mint.humboldt.com.br\/?s={search_term_string}"},"query-input":"required name=search_term_string"}],"inLanguage":"de"},{"@type":"Organization","@id":"https:\/\/mint.humboldt.com.br\/#organization","name":"Humboldt - Die Deutsche Schule in S\u00e3o Paulo","url":"https:\/\/mint.humboldt.com.br\/","logo":{"@type":"ImageObject","inLanguage":"de","@id":"https:\/\/mint.humboldt.com.br\/#\/schema\/logo\/image\/","url":"https:\/\/mint.humboldt.com.br\/wp-content\/uploads\/2019\/12\/humboldt-logo.svg","contentUrl":"https:\/\/mint.humboldt.com.br\/wp-content\/uploads\/2019\/12\/humboldt-logo.svg","caption":"Humboldt - Die Deutsche Schule in S\u00e3o Paulo"},"image":{"@id":"https:\/\/mint.humboldt.com.br\/#\/schema\/logo\/image\/"}},{"@type":"Person","@id":"https:\/\/mint.humboldt.com.br\/#\/schema\/person\/f9f855ae25cb438200b4f6d49c346502","name":"Vila Criativa","image":{"@type":"ImageObject","inLanguage":"de","@id":"https:\/\/mint.humboldt.com.br\/#\/schema\/person\/image\/","url":"https:\/\/secure.gravatar.com\/avatar\/b5110a6fdaa2baa543d00778ef669067?s=96&d=mm&r=g","contentUrl":"https:\/\/secure.gravatar.com\/avatar\/b5110a6fdaa2baa543d00778ef669067?s=96&d=mm&r=g","caption":"Vila Criativa"},"url":"https:\/\/mint.humboldt.com.br\/de\/author\/mint\/"}]}},"_links":{"self":[{"href":"https:\/\/mint.humboldt.com.br\/de\/wp-json\/wp\/v2\/posts\/2591"}],"collection":[{"href":"https:\/\/mint.humboldt.com.br\/de\/wp-json\/wp\/v2\/posts"}],"about":[{"href":"https:\/\/mint.humboldt.com.br\/de\/wp-json\/wp\/v2\/types\/post"}],"author":[{"embeddable":true,"href":"https:\/\/mint.humboldt.com.br\/de\/wp-json\/wp\/v2\/users\/1"}],"replies":[{"embeddable":true,"href":"https:\/\/mint.humboldt.com.br\/de\/wp-json\/wp\/v2\/comments?post=2591"}],"version-history":[{"count":1,"href":"https:\/\/mint.humboldt.com.br\/de\/wp-json\/wp\/v2\/posts\/2591\/revisions"}],"predecessor-version":[{"id":2592,"href":"https:\/\/mint.humboldt.com.br\/de\/wp-json\/wp\/v2\/posts\/2591\/revisions\/2592"}],"wp:featuredmedia":[{"embeddable":true,"href":"https:\/\/mint.humboldt.com.br\/de\/wp-json\/wp\/v2\/media\/2607"}],"wp:attachment":[{"href":"https:\/\/mint.humboldt.com.br\/de\/wp-json\/wp\/v2\/media?parent=2591"}],"wp:term":[{"taxonomy":"category","embeddable":true,"href":"https:\/\/mint.humboldt.com.br\/de\/wp-json\/wp\/v2\/categories?post=2591"},{"taxonomy":"post_tag","embeddable":true,"href":"https:\/\/mint.humboldt.com.br\/de\/wp-json\/wp\/v2\/tags?post=2591"}],"curies":[{"name":"wp","href":"https:\/\/api.w.org\/{rel}","templated":true}]}}